{"id":982,"date":"2019-05-25T09:34:30","date_gmt":"2019-05-25T07:34:30","guid":{"rendered":"http:\/\/beethoven.org.pl\/impresariat\/?p=982"},"modified":"2019-05-28T11:23:35","modified_gmt":"2019-05-28T09:23:35","slug":"koncerty-chopinowskie-w-lazienkach-krolewskich","status":"publish","type":"post","link":"https:\/\/beethoven.org.pl\/impresariat\/2019\/05\/25\/koncerty-chopinowskie-w-lazienkach-krolewskich\/","title":{"rendered":"Koncerty Chopinowskie w \u0141azienkach Kr\u00f3lewskich"},"content":{"rendered":"<p><img loading=\"lazy\" decoding=\"async\" class=\" wp-image-1694 alignleft\" src=\"http:\/\/beethoven.org.pl\/wp-content\/uploads\/2019\/05\/lazienki-300x200.jpg\" alt=\"\" width=\"401\" height=\"267\" \/>Rozpocz\u0105\u0142 si\u0119 60. sezon Koncert\u00f3w Chopinowskich w \u0141azienkach Kr\u00f3lewskich. W ka\u017cd\u0105 niedziel\u0119 od 19 maja do 29 wrze\u015bnia o godz. 12 i 16 b\u0119dzie mo\u017cna us\u0142ysze\u0107 \u015bwiatowej klasy artyst\u00f3w i wirtuoz\u00f3w fortepianu zar\u00f3wno z Polski, jak i z zagranicy. Podczas tegorocznej edycji wyst\u0105pi\u0105 r\u00f3wnie\u017c arty\u015bci reprezentowania przez Stowarzyszenie Ludwiga van Beethovena. <strong>26 maja o godz. 12 wyst\u0105pi <a href=\"http:\/\/beethoven.org.pl\/impresariat\/artysci\/artysta\/?bio=lukasz-krupinski\">\u0141UKASZ KRUPI\u0143SKI<\/a> za\u015b 6 czerwca o godz. 12 us\u0142yszymy recital w wykonaniu <a href=\"http:\/\/beethoven.org.pl\/impresariat\/artysci\/artysta\/?bio=konrad-skolarski\">KONRADA SKOLARSKIEO<\/a><\/strong>. Ca\u0142y program Koncert\u00f3w Chopinowskich dost\u0119pny jest <a href=\"http:\/\/koncerty-chopinowskie.pl\/?fbclid=IwAR3gZCsnC63YJ_9iDfgb1p8Ko7FO-NAGFYVuSvq2cAIzs1DOAu8HzYeWcGE\">TUTAJ<\/a><\/p>\n<p><em>Jubileuszowy 60. sezon Koncert\u00f3w Chopinowskich w \u0141azienkach Kr\u00f3lewskichPlenerowe koncerty w scenerii \u0141azienek Kr\u00f3lewskich na sta\u0142e wpisa\u0142y si\u0119 w kulturaln\u0105 map\u0119 stolicy. 19 maja o godz. 12:00 rozpocznie si\u0119 60. sezon Koncert\u00f3w Chopinowskich, kt\u00f3ry zainauguruje wyst\u0119p Krzysztofa Jab\u0142o\u0144skiego.Klasyka w plenerzeKoncerty Chopinowskie s\u0105 jedn\u0105 z najstarszych imprez muzycznych Stolicy i sta\u0142y si\u0119 jej kulturaln\u0105 wizyt\u00f3wk\u0105.Historia koncert\u00f3w pod pomnikiem Chopina si\u0119ga 1959 roku. Od tego czasu muzyczne spotkania przesz\u0142y wiele metamorfoz. Pocz\u0105tkowo sezon koncertowy inaugurowano koncertem z towarzyszeniem orkiestry. W latach 80-tych popo\u0142udniowy koncert mia\u0142 form\u0119 s\u0142owno-muzyczn\u0105. Pod pomnikiem wyst\u0119powali nie tylko piani\u015bci, ale i znani aktorzy recytuj\u0105cy poezj\u0119 romantyczn\u0105.Dzisiaj s\u0105 to recitale zar\u00f3wno m\u0142odych, dopiero stawiaj\u0105cych pierwsze kroki na mi\u0119dzynarodowych scenach pianist\u00f3w, jak i \u015bwiatowej s\u0142awy interpretator\u00f3w muzyki Fryderyka Chopina. W tym roku czeka nas 60-ta ods\u0142ona cyklu koncertowego zajmuj\u0105cego wyj\u0105tkowe miejsce w sercu ka\u017cdego warszawiaka i mi\u0142o\u015bnika muzyki. <strong>(info Organizatora)<\/strong><\/em><\/p>","protected":false},"excerpt":{"rendered":"<p>Rozpocz\u0105\u0142 si\u0119 60. sezon Koncert\u00f3w Chopinowskich w \u0141azienkach Kr\u00f3lewskich. W ka\u017cd\u0105 niedziel\u0119 od 19 maja do 29 wrze\u015bnia o godz. 12 i 16 b\u0119dzie mo\u017cna us\u0142ysze\u0107 \u015bwiatowej klasy artyst\u00f3w i wirtuoz\u00f3w fortepianu zar\u00f3wno z Polski, jak i z zagranicy. Podczas tegorocznej edycji wyst\u0105pi\u0105 r\u00f3wnie\u017c arty\u015bci reprezentowania przez Stowarzyszenie Ludwiga van Beethovena. 26 maja o godz. [&hellip;]<\/p>\n","protected":false},"author":2,"featured_media":0,"comment_status":"open","ping_status":"open","sticky":false,"template":"","format":"standard","meta":{"footnotes":""},"categories":[1],"tags":[],"class_list":["post-982","post","type-post","status-publish","format-standard","hentry","category-bez-kategorii"],"_links":{"self":[{"href":"https:\/\/beethoven.org.pl\/impresariat\/wp-json\/wp\/v2\/posts\/982","targetHints":{"allow":["GET"]}}],"collection":[{"href":"https:\/\/beethoven.org.pl\/impresariat\/wp-json\/wp\/v2\/posts"}],"about":[{"href":"https:\/\/beethoven.org.pl\/impresariat\/wp-json\/wp\/v2\/types\/post"}],"author":[{"embeddable":true,"href":"https:\/\/beethoven.org.pl\/impresariat\/wp-json\/wp\/v2\/users\/2"}],"replies":[{"embeddable":true,"href":"https:\/\/beethoven.org.pl\/impresariat\/wp-json\/wp\/v2\/comments?post=982"}],"version-history":[{"count":2,"href":"https:\/\/beethoven.org.pl\/impresariat\/wp-json\/wp\/v2\/posts\/982\/revisions"}],"predecessor-version":[{"id":994,"href":"https:\/\/beethoven.org.pl\/impresariat\/wp-json\/wp\/v2\/posts\/982\/revisions\/994"}],"wp:attachment":[{"href":"https:\/\/beethoven.org.pl\/impresariat\/wp-json\/wp\/v2\/media?parent=982"}],"wp:term":[{"taxonomy":"category","embeddable":true,"href":"https:\/\/beethoven.org.pl\/impresariat\/wp-json\/wp\/v2\/categories?post=982"},{"taxonomy":"post_tag","embeddable":true,"href":"https:\/\/beethoven.org.pl\/impresariat\/wp-json\/wp\/v2\/tags?post=982"}],"curies":[{"name":"wp","href":"https:\/\/api.w.org\/{rel}","templated":true}]}}