{"id":972,"date":"2019-05-22T10:05:52","date_gmt":"2019-05-22T08:05:52","guid":{"rendered":"http:\/\/beethoven.org.pl\/impresariat\/?p=972"},"modified":"2019-05-23T10:14:05","modified_gmt":"2019-05-23T08:14:05","slug":"english-koncerty-do-tanca-na-tarasie-muzeum-chopina","status":"publish","type":"post","link":"https:\/\/beethoven.org.pl\/impresariat\/2019\/05\/22\/english-koncerty-do-tanca-na-tarasie-muzeum-chopina\/","title":{"rendered":"Koncert do ta\u0144ca na Tarasie Muzeum Chopina"},"content":{"rendered":"<p><img loading=\"lazy\" decoding=\"async\" class=\"size-medium wp-image-975 alignleft\" src=\"http:\/\/beethoven.org.pl\/impresariat\/wp-content\/uploads\/sites\/6\/2019\/05\/2716_1557237402-2-300x250.jpg\" alt=\"\" width=\"300\" height=\"250\" srcset=\"https:\/\/beethoven.org.pl\/impresariat\/wp-content\/uploads\/sites\/6\/2019\/05\/2716_1557237402-2-300x250.jpg 300w, https:\/\/beethoven.org.pl\/impresariat\/wp-content\/uploads\/sites\/6\/2019\/05\/2716_1557237402-2.jpg 730w\" sizes=\"auto, (max-width: 300px) 100vw, 300px\" \/><\/p>\n<p><strong>Chopin i Kompania &#8211; koncert do ta\u0144ca na Tarasie Muzeum Fryderyka Chopina<br \/>\n<\/strong>Zm\u0119czony po tygodniu pracy? Chopin zna\u0142 to uczucie doskonale. M\u00f3j m\u0142yn \u2013 m\u00f3wi\u0142 czule, cho\u0107 z przek\u0105sem, o swoich codziennych obowi\u0105zkach w Pary\u017cu. Wiedzia\u0142 te\u017c, \u017ce nic nie daje takiego odpr\u0119\u017cenia jak taniec, a kiedy trzeba, potrafi\u0142 rozkr\u0119ci\u0107 zabaw\u0119, o czym \u015bwiadczy bilecik przes\u0142any przyjacielowi: Przyjd\u017a sam \u2013 namawia kompozytor &#8211; i gwa\u0142tem przyprowad\u017a mi W\u0119giera wieczorem. Freppa b\u0119dzie \u015bpiewa\u0107, a mo\u017ce poskaczemy. Chopin mia\u0142 okazj\u0119 ta\u0144czy\u0107 w m\u0142odo\u015bci ta\u0144ce ludowe oraz improwizowa\u0107 z wiejskimi muzykantami. Takiem t\u0119go dudli\u0142, \u017ce si\u0119 wszyscy zlecieli patrze\u0107 \u2013 relacjonowa\u0142 rodzicom. Zainspirowani tym, jak kompozytor sp\u0119dza\u0142 czas wolny, zapraszamy na plenerowe warsztaty ta\u0144c\u00f3w tradycyjnych.Zesp\u00f3\u0142 Janusz Prusinowski Kompania, jeden z najwybitniejszych zespo\u0142\u00f3w wykonuj\u0105cych polsk\u0105 muzyk\u0119 tradycyjn\u0105, oraz <strong>Krzysztof Ksi\u0105\u017cek<\/strong> &#8211; pianista m\u0142odego pokolenia, pomog\u0105 nam zrozumie\u0107 i us\u0142ysze\u0107 zjawisko stylizacji muzyki ludowej w tw\u00f3rczo\u015bci Fryderyka Chopina. Zostawmy wi\u0119c prac\u0119 w pracy, i spotkajmy si\u0119, \u017ceby pota\u0144czy\u0107 oraz zas\u0142ucha\u0107 si\u0119 w muzyce, kt\u00f3ra daje wytchnienie od codziennego m\u0142yna.<\/p>\n<p>&nbsp;<\/p>\n<p>Oprawa muzyczna: Janusz Prusinowski Kompania, <strong>Krzysztof Ksi\u0105\u017cek<\/strong><\/p>\n<p><strong>24.05, g. 17.00, taras Muzeum Fryderyka Chopina<\/strong><\/p>\n<p>Rejestracja na www.bilety.nifc.pl lub w kasach Muzeum: tel. 22 44 16 251\/252.<\/p>\n<p><em>W przypadku z\u0142ej pogody wydarzenie zostanie przeniesione do sali koncertowej Muzeum Fryderyka Chopina<\/em><\/p>\n<p><strong><em>Wst\u0119p: 1 z\u0142 lub w ramach biletu wst\u0119pu do Muzeum<\/em><br \/>\n<\/strong><\/p>","protected":false},"excerpt":{"rendered":"<p>Chopin i Kompania &#8211; koncert do ta\u0144ca na Tarasie Muzeum Fryderyka Chopina Zm\u0119czony po tygodniu pracy? Chopin zna\u0142 to uczucie doskonale. M\u00f3j m\u0142yn \u2013 m\u00f3wi\u0142 czule, cho\u0107 z przek\u0105sem, o swoich codziennych obowi\u0105zkach w Pary\u017cu. Wiedzia\u0142 te\u017c, \u017ce nic nie daje takiego odpr\u0119\u017cenia jak taniec, a kiedy trzeba, potrafi\u0142 rozkr\u0119ci\u0107 zabaw\u0119, o czym \u015bwiadczy bilecik [&hellip;]<\/p>\n","protected":false},"author":2,"featured_media":0,"comment_status":"open","ping_status":"open","sticky":false,"template":"","format":"standard","meta":{"footnotes":""},"categories":[1],"tags":[],"class_list":["post-972","post","type-post","status-publish","format-standard","hentry","category-bez-kategorii"],"_links":{"self":[{"href":"https:\/\/beethoven.org.pl\/impresariat\/wp-json\/wp\/v2\/posts\/972","targetHints":{"allow":["GET"]}}],"collection":[{"href":"https:\/\/beethoven.org.pl\/impresariat\/wp-json\/wp\/v2\/posts"}],"about":[{"href":"https:\/\/beethoven.org.pl\/impresariat\/wp-json\/wp\/v2\/types\/post"}],"author":[{"embeddable":true,"href":"https:\/\/beethoven.org.pl\/impresariat\/wp-json\/wp\/v2\/users\/2"}],"replies":[{"embeddable":true,"href":"https:\/\/beethoven.org.pl\/impresariat\/wp-json\/wp\/v2\/comments?post=972"}],"version-history":[{"count":4,"href":"https:\/\/beethoven.org.pl\/impresariat\/wp-json\/wp\/v2\/posts\/972\/revisions"}],"predecessor-version":[{"id":979,"href":"https:\/\/beethoven.org.pl\/impresariat\/wp-json\/wp\/v2\/posts\/972\/revisions\/979"}],"wp:attachment":[{"href":"https:\/\/beethoven.org.pl\/impresariat\/wp-json\/wp\/v2\/media?parent=972"}],"wp:term":[{"taxonomy":"category","embeddable":true,"href":"https:\/\/beethoven.org.pl\/impresariat\/wp-json\/wp\/v2\/categories?post=972"},{"taxonomy":"post_tag","embeddable":true,"href":"https:\/\/beethoven.org.pl\/impresariat\/wp-json\/wp\/v2\/tags?post=972"}],"curies":[{"name":"wp","href":"https:\/\/api.w.org\/{rel}","templated":true}]}}