{"id":965,"date":"2019-05-22T09:58:07","date_gmt":"2019-05-22T07:58:07","guid":{"rendered":"http:\/\/beethoven.org.pl\/impresariat\/?p=965"},"modified":"2019-05-23T11:10:53","modified_gmt":"2019-05-23T09:10:53","slug":"english-szymon-nehring-in-zurich","status":"publish","type":"post","link":"https:\/\/beethoven.org.pl\/impresariat\/2019\/05\/22\/english-szymon-nehring-in-zurich\/","title":{"rendered":"Szymon Nehring wyst\u0105pi w Zurichu"},"content":{"rendered":"<p><img loading=\"lazy\" decoding=\"async\" class=\"size-medium wp-image-958 alignleft\" src=\"http:\/\/beethoven.org.pl\/impresariat\/wp-content\/uploads\/sites\/6\/2019\/05\/2.-SZYMON_NEHRING_2019_142-300x200.png\" alt=\"\" width=\"300\" height=\"200\" srcset=\"https:\/\/beethoven.org.pl\/impresariat\/wp-content\/uploads\/sites\/6\/2019\/05\/2.-SZYMON_NEHRING_2019_142-300x200.png 300w, https:\/\/beethoven.org.pl\/impresariat\/wp-content\/uploads\/sites\/6\/2019\/05\/2.-SZYMON_NEHRING_2019_142-768x512.png 768w, https:\/\/beethoven.org.pl\/impresariat\/wp-content\/uploads\/sites\/6\/2019\/05\/2.-SZYMON_NEHRING_2019_142-1024x683.png 1024w\" sizes=\"auto, (max-width: 300px) 100vw, 300px\" \/>24 maja Szymon Nehring wyst\u0105pi w Tonhalle Maag (Konzertsaal) w Zurichu.Pianista wykona I Koncert fortepianowy C-dur Ludwiga van Beethovena.Arty\u015bcie towarzyszy\u0107 b\u0119dzie Tonhalle-Orchester Z\u00fcrich, kt\u00f3r\u0105 poprowadzi David Zinman. Koncert odb\u0119dzie si\u0119 w ramach cyklu YOUNG SOLOISTS ONSTAGE we wsp\u00f3\u0142pracy z Fundacj\u0105 Orpheum.<\/p>\n<p>&nbsp;<\/p>\n<p>&nbsp;<\/p>\n<p>&nbsp;<\/p>\n<div class=\"place\">24 maja, godz. 19.30,\u00a0 Tonhalle Maag<\/div>\n<p><strong>Szymon Nehring<\/strong> \u2013 fortepian<br \/>\n<strong>Timothy Ridout<\/strong> \u2013 skrzypce<br \/>\n<strong>Tonhalle-Orchester Z\u00fcrich<\/strong><br \/>\n<strong>David Zinman<\/strong> \u2013 dyrygent<\/p>\n<p>PROGRAM<br \/>\n<strong><span class=\"name\">Ludwig van Beethoven: <\/span><\/strong><span class=\"name\"><em>I <\/em><\/span><span class=\"function \"><em>Koncert fortepianowy\u00a0 C-Dur<\/em> op.\u00a015<br \/>\n<\/span><strong><span class=\"name\">William Walton<\/span> : <\/strong><em>Koncert skrzypcowy<br \/>\n<\/em><strong><span class=\"name\">Leonard Bernstein: <\/span><\/strong><span class=\"function \"><em>Taniec symfoniczny<\/em> z \u201eWest Side Story\u201d<\/span><\/p>\n<p>Wi\u0119cej na stronie <a href=\"https:\/\/www.tonhalle-orchester.ch\/konzerte\/kalender\/young-soloists-on-stage-1218809\/\">Orkiestry<\/a><\/p>","protected":false},"excerpt":{"rendered":"<p>24 maja Szymon Nehring wyst\u0105pi w Tonhalle Maag (Konzertsaal) w Zurichu.Pianista wykona I Koncert fortepianowy C-dur Ludwiga van Beethovena.Arty\u015bcie towarzyszy\u0107 b\u0119dzie Tonhalle-Orchester Z\u00fcrich, kt\u00f3r\u0105 poprowadzi David Zinman. Koncert odb\u0119dzie si\u0119 w ramach cyklu YOUNG SOLOISTS ONSTAGE we wsp\u00f3\u0142pracy z Fundacj\u0105 Orpheum. &nbsp; &nbsp; &nbsp; 24 maja, godz. 19.30,\u00a0 Tonhalle Maag Szymon Nehring \u2013 fortepian Timothy [&hellip;]<\/p>\n","protected":false},"author":2,"featured_media":0,"comment_status":"open","ping_status":"open","sticky":false,"template":"","format":"standard","meta":{"footnotes":""},"categories":[1],"tags":[],"class_list":["post-965","post","type-post","status-publish","format-standard","hentry","category-bez-kategorii"],"_links":{"self":[{"href":"https:\/\/beethoven.org.pl\/impresariat\/wp-json\/wp\/v2\/posts\/965","targetHints":{"allow":["GET"]}}],"collection":[{"href":"https:\/\/beethoven.org.pl\/impresariat\/wp-json\/wp\/v2\/posts"}],"about":[{"href":"https:\/\/beethoven.org.pl\/impresariat\/wp-json\/wp\/v2\/types\/post"}],"author":[{"embeddable":true,"href":"https:\/\/beethoven.org.pl\/impresariat\/wp-json\/wp\/v2\/users\/2"}],"replies":[{"embeddable":true,"href":"https:\/\/beethoven.org.pl\/impresariat\/wp-json\/wp\/v2\/comments?post=965"}],"version-history":[{"count":7,"href":"https:\/\/beethoven.org.pl\/impresariat\/wp-json\/wp\/v2\/posts\/965\/revisions"}],"predecessor-version":[{"id":981,"href":"https:\/\/beethoven.org.pl\/impresariat\/wp-json\/wp\/v2\/posts\/965\/revisions\/981"}],"wp:attachment":[{"href":"https:\/\/beethoven.org.pl\/impresariat\/wp-json\/wp\/v2\/media?parent=965"}],"wp:term":[{"taxonomy":"category","embeddable":true,"href":"https:\/\/beethoven.org.pl\/impresariat\/wp-json\/wp\/v2\/categories?post=965"},{"taxonomy":"post_tag","embeddable":true,"href":"https:\/\/beethoven.org.pl\/impresariat\/wp-json\/wp\/v2\/tags?post=965"}],"curies":[{"name":"wp","href":"https:\/\/api.w.org\/{rel}","templated":true}]}}