{"id":946,"date":"2019-03-18T13:02:28","date_gmt":"2019-03-18T12:02:28","guid":{"rendered":"http:\/\/beethoven.org.pl\/impresariat\/?p=946"},"modified":"2019-03-20T13:07:34","modified_gmt":"2019-03-20T12:07:34","slug":"penederecki-piano-trio-w-sopocie","status":"publish","type":"post","link":"https:\/\/beethoven.org.pl\/impresariat\/2019\/03\/18\/penederecki-piano-trio-w-sopocie\/","title":{"rendered":"Penederecki Piano Trio w Sopocie"},"content":{"rendered":"<p><strong><a href=\"http:\/\/beethoven.org.pl\/impresariat\/artysci\/artysta\/?bio=penderecki-piano-trio\">Penederecki Piano Trio<\/a> wyst\u0105pi 23 marca w Grand Hotel w Sopocie. B\u0119dzie to pierwszy koncert w ramach serii koncert\u00f3w 23. Wielkanocnego Festiwalu Ludwiga van Beethovena poza Warszawa oraz debiut naszego Festiwalu w Sopocie!<\/strong><\/p>\n<p>Podczas sopockiego koncertu, wyst\u0105pi\u0105 trzej wybitni muzycy &#8211; od lat mocno zwi\u0105zani z osob\u0105 jednego z najwybitniejszych polskich kompozytor\u00f3w XX wieku Krzysztofa Pendereckiego &#8211; Konrad Skolarski, Jaros\u0142aw Nadrzycki i Karol Marianowski.<\/p>\n<p>Penederecki Piano Trio, wsp\u00f3\u0142tworz\u0105 utytu\u0142owani arty\u015bci, kt\u00f3rzy swoj\u0105 mi\u0119dzynarodow\u0105 renom\u0119 zdobyli, wyst\u0119puj\u0105c \u2013 jako soli\u015bci, kamerali\u015bci oraz cz\u0142onkowie utytu\u0142owanego Meccore String Quartet \u2013 we wszystkich krajach Europy, w obu Amerykach i w Azji.<\/p>\n<p style=\"text-align: right\"><strong>PROGRAM<\/strong><br \/>\nLudwig van Beethoven: <em>Trio fortepianowe c-moll<\/em> op. 1 nr 3<br \/>\nClaude Debussy: <em>Trio fortepianowe G-dur<\/em> L. 5<br \/>\nSergiusz Rachmaninow: <em>I Trio elegijne g-moll \u201eElegijne\u201d<\/em><\/p>\n<p style=\"text-align: right\"><span style=\"color: #808080\"><strong>SOPOT | 23 marca | godz. 19.00 |\u00a0Sofitel Grand Sopot, ul. Powsta\u0144c\u00f3w Warszawy 12\/14 | Bilety dost\u0119pne s\u0105<\/strong> <\/span><strong><a href=\"http:\/\/bart.sopot.pl\/wydarzenia\/714-penderecki-piano-trio?fbclid=IwAR1gJf0JO4sUbO5jgkka-LylXgNgWG4Dz3yihxt8T2EzAux2GQ8RpiIGvYE\">TUTAJ<\/a><\/strong><\/p>\n<p><em><strong>Sopot naturalnie kulturalny<\/strong><\/em><\/p>\n<p><strong>Sopot to miasto, w kt\u00f3rym spotkanie kultury i sztuki z lud\u017ami i natur\u0105 dostarcza wyj\u0105tkowych prze\u017cy\u0107. Rado\u015b\u0107 z kontaktu z natur\u0105 i szukanie nowych do\u015bwiadcze\u0144 znajduje wyraz w wyj\u0105tkowych, r\u00f3\u017cnorodnych projektach kulturalnych i sprzyja tw\u00f3rczo\u015bci artystycznej. Sopot jest miastem otwartym, ciekawym i atrakcyjnym przez ca\u0142y rok.<\/strong><\/p>\n<p><img loading=\"lazy\" decoding=\"async\" class=\"size-medium wp-image-2511 alignleft\" src=\"http:\/\/beethoven.org.pl\/festiwal\/wp-content\/uploads\/sites\/3\/2019\/03\/Sopot-Fot.-materia\u0142y-UMS-300x200.jpg\" alt=\"\" width=\"300\" height=\"200\" \/>Na pocz\u0105tku maja sezon kulturalny rozpoczyna Sopocka Maj\u00f3wka \u2013 cykl wydarze\u0144 kulturalno-rekreacyjnych w r\u00f3\u017cnych miejscach w mie\u015bcie. W drugiej po\u0142owie maja odbywa si\u0119 Mi\u0119dzynarodowy Festiwal Ch\u00f3ralny Mundus Cantat, w kt\u00f3rym bior\u0105 udzia\u0142 ch\u00f3ry z ca\u0142ego \u015bwiata. Prezentuj\u0105 utwory sakralne, \u015bwieckie, gospel, jazz czy spiritual.<\/p>\n<p>Sopot Film Festival to mi\u0119dzynarodowy festiwal filmowy, kt\u00f3ry odbywa si\u0119 w lipcu. Prezentuje przekr\u00f3j kina \u015bwiatowego i najwa\u017cniejsze produkcje obecne na \u015bwiatowych festiwalach filmowych.<\/p>\n<p>Na prze\u0142omie lipca i sierpnia odbywa si\u0119 Mi\u0119dzynarodowy Festiwal Sopot Classic. Wydarzenie wyros\u0142o z tradycji koncert\u00f3w prezentowanych przez Polsk\u0105 Filharmoni\u0119 Kameraln\u0105 Sopot. Festiwal upowszechniania muzyk\u0119 klasyczn\u0105 kompozytor\u00f3w r\u00f3\u017cnych epok, stylistyk i gatunk\u00f3w.<\/p>\n<p><img loading=\"lazy\" decoding=\"async\" class=\"size-medium wp-image-2512 aligncenter\" src=\"http:\/\/beethoven.org.pl\/festiwal\/wp-content\/uploads\/sites\/3\/2019\/03\/Sopot-Film-Festival-Koncert-muzyki-filmowej-Fot.-Fotobank.PL-UMS-300x200.jpg\" alt=\"\" width=\"300\" height=\"200\" \/><\/p>\n<p>Festiwal Literacki Sopot to kolejne du\u017ce sierpniowe wydarzenie o randze mi\u0119dzynarodowej. Ka\u017cda edycja to spotkania autorskie, debaty, warsztaty dla dzieci, targi ksi\u0105\u017cki, dzia\u0142ania teatralne, prezentacje projekt\u00f3w powsta\u0142ych na styku literatury i muzyki, wystawy, projekcje filmowe, instalacje w przestrzeni miejskiej. Dobra literatura staje si\u0119 pretekstem do poznania obcej kultury, refleksji nad \u017cyciem spo\u0142ecznym innych kraj\u00f3w i\u00a0diagnozy wsp\u00f3\u0142czesno\u015bci. Do tej pory bohaterami festiwalu by\u0142y: literatura skandynawska, rosyjska, czeska, izraelska, hiszpa\u0144skoj\u0119zyczna oraz francuska. W 2019 r. kr\u00f3lowa\u0107 b\u0119dzie literatura brytyjska. Podczas festiwalu\u00a0 wiele spotka\u0144 odbywa si\u0119 w\u00a0plenerze, sprawiaj\u0105c \u017ce rozmowa o\u00a0literaturze \u2013 czynno\u015b\u0107 wydawa\u0142oby si\u0119 wy\u0142\u0105cznie intelektualna \u2013 staje si\u0119 te\u017c do\u015bwiadczeniem zmys\u0142owym.<\/p>\n<p><img loading=\"lazy\" decoding=\"async\" class=\"size-medium wp-image-2513 alignleft\" src=\"http:\/\/beethoven.org.pl\/festiwal\/wp-content\/uploads\/sites\/3\/2019\/03\/Sopot-Classic-Fot.-Bogna-Kociumbas-300x200.jpg\" alt=\"\" width=\"300\" height=\"200\" \/>Wrzesie\u0144 to spotkanie z fotografi\u0105 na festiwalu \u201eW ramach Sopotu\u201d. Widzowie maj\u0105 okazj\u0119 ogl\u0105da\u0107 premierowe i najlepsze wystawy czo\u0142owych polskich artyst\u00f3w i fotograf\u00f3w ostatnich lat, niezwyk\u0142e historyczne wystawy mistrz\u00f3w, jak r\u00f3wnie\u017c nowe projekty fotograficzne rezydent\u00f3w festiwalu, specjalnie zaproszonych do Sopotu, by spojrzeli na miasto przez pryzmat w\u0142asnej tw\u00f3rczo\u015bci i stylu.<\/p>\n<p>Pa\u017adziernikowy Sopot Jazz Festival to jeden z najstarszych festiwali jazzowych w Polsce. My\u015bl\u0105 przewodni\u0105 festiwalu jest wysoka jako\u015b\u0107 prezentowanej muzyki, jej autentyczno\u015b\u0107 i oryginalno\u015b\u0107.<\/p>\n<p>Zobacz, co jeszcze dzieje si\u0119 w Sopocie na <a href=\"http:\/\/kalendarz.sopot.pl\/\">kalendarz.sopot.pl<\/a><\/p>\n<p>&nbsp;<\/p>\n<p>&nbsp;<\/p>","protected":false},"excerpt":{"rendered":"<p>Penederecki Piano Trio wyst\u0105pi 23 marca w Grand Hotel w Sopocie. B\u0119dzie to pierwszy koncert w ramach serii koncert\u00f3w 23. Wielkanocnego Festiwalu Ludwiga van Beethovena poza Warszawa oraz debiut naszego Festiwalu w Sopocie! Podczas sopockiego koncertu, wyst\u0105pi\u0105 trzej wybitni muzycy &#8211; od lat mocno zwi\u0105zani z osob\u0105 jednego z najwybitniejszych polskich kompozytor\u00f3w XX wieku Krzysztofa [&hellip;]<\/p>\n","protected":false},"author":2,"featured_media":0,"comment_status":"open","ping_status":"open","sticky":false,"template":"","format":"standard","meta":{"footnotes":""},"categories":[1],"tags":[],"class_list":["post-946","post","type-post","status-publish","format-standard","hentry","category-bez-kategorii"],"_links":{"self":[{"href":"https:\/\/beethoven.org.pl\/impresariat\/wp-json\/wp\/v2\/posts\/946","targetHints":{"allow":["GET"]}}],"collection":[{"href":"https:\/\/beethoven.org.pl\/impresariat\/wp-json\/wp\/v2\/posts"}],"about":[{"href":"https:\/\/beethoven.org.pl\/impresariat\/wp-json\/wp\/v2\/types\/post"}],"author":[{"embeddable":true,"href":"https:\/\/beethoven.org.pl\/impresariat\/wp-json\/wp\/v2\/users\/2"}],"replies":[{"embeddable":true,"href":"https:\/\/beethoven.org.pl\/impresariat\/wp-json\/wp\/v2\/comments?post=946"}],"version-history":[{"count":1,"href":"https:\/\/beethoven.org.pl\/impresariat\/wp-json\/wp\/v2\/posts\/946\/revisions"}],"predecessor-version":[{"id":949,"href":"https:\/\/beethoven.org.pl\/impresariat\/wp-json\/wp\/v2\/posts\/946\/revisions\/949"}],"wp:attachment":[{"href":"https:\/\/beethoven.org.pl\/impresariat\/wp-json\/wp\/v2\/media?parent=946"}],"wp:term":[{"taxonomy":"category","embeddable":true,"href":"https:\/\/beethoven.org.pl\/impresariat\/wp-json\/wp\/v2\/categories?post=946"},{"taxonomy":"post_tag","embeddable":true,"href":"https:\/\/beethoven.org.pl\/impresariat\/wp-json\/wp\/v2\/tags?post=946"}],"curies":[{"name":"wp","href":"https:\/\/api.w.org\/{rel}","templated":true}]}}