{"id":908,"date":"2019-01-09T09:37:34","date_gmt":"2019-01-09T08:37:34","guid":{"rendered":"http:\/\/beethoven.org.pl\/impresariat\/?p=908"},"modified":"2019-01-11T09:38:58","modified_gmt":"2019-01-11T08:38:58","slug":"koncerty-szymona-nehringa-w-berlinie-i-lipsku","status":"publish","type":"post","link":"https:\/\/beethoven.org.pl\/impresariat\/2019\/01\/09\/koncerty-szymona-nehringa-w-berlinie-i-lipsku\/","title":{"rendered":"Koncerty Szymona Nehringa w Berlinie i Lipsku"},"content":{"rendered":"<p><img loading=\"lazy\" decoding=\"async\" class=\"size-medium wp-image-792 alignleft\" src=\"http:\/\/beethoven.org.pl\/impresariat\/wp-content\/uploads\/sites\/6\/2018\/10\/fot-Bartek-Barczyk-Archiwum-Stowarzyszenia-im-L-v-Beethovena-SZYMON_NEHRING_036-2-300x200.jpg\" alt=\"\" width=\"300\" height=\"200\" srcset=\"https:\/\/beethoven.org.pl\/impresariat\/wp-content\/uploads\/sites\/6\/2018\/10\/fot-Bartek-Barczyk-Archiwum-Stowarzyszenia-im-L-v-Beethovena-SZYMON_NEHRING_036-2-300x200.jpg 300w, https:\/\/beethoven.org.pl\/impresariat\/wp-content\/uploads\/sites\/6\/2018\/10\/fot-Bartek-Barczyk-Archiwum-Stowarzyszenia-im-L-v-Beethovena-SZYMON_NEHRING_036-2-768x512.jpg 768w, https:\/\/beethoven.org.pl\/impresariat\/wp-content\/uploads\/sites\/6\/2018\/10\/fot-Bartek-Barczyk-Archiwum-Stowarzyszenia-im-L-v-Beethovena-SZYMON_NEHRING_036-2-1024x683.jpg 1024w\" sizes=\"auto, (max-width: 300px) 100vw, 300px\" \/>Szymon Nehrin wyst\u0105pi 11 stycznia w Instytucie Polskim w Berlinie, za\u015b 12 stycznia w Instytucie Polskim w Lipsku.\u00a0 Koncerty rozpoczynaj\u0105 sezon koncertowy obu plac\u00f3wkach w 2019 r. Jednocze\u015bnie wpisuj\u0105 si\u0119 w obchody 100-lecia obj\u0119cia przez Ignacego Jana Paderewskiego funkcji premiera rz\u0105du polskiego, kt\u00f3ry urz\u0119dowanie rozpocz\u0105\u0142 w styczniu 1919 r. Ponadto koncert w Lipsku przypada w rocznic\u0119 50-lecia istnienia Polnischen Instituts in Leipzig. W obu koncertach us\u0142yszymy kompozycj\u0119 Chopina, Paderewskiego oraz Schuberta.<\/p>\n<p>Wi\u0119cej informacji na temat koncert\u00f3w na stronie <a href=\"http:\/\/leipzig.polnischekultur.de\/index.php?navi=013&amp;id=2269\">Polnischen Instituts in Leipzig<\/a> oraz <a href=\"http:\/\/berlin.polnischekultur.de\/index.php?navi=013&amp;id=1889\">Polnisches Institut Berlin<\/a><\/p>","protected":false},"excerpt":{"rendered":"<p>Szymon Nehrin wyst\u0105pi 11 stycznia w Instytucie Polskim w Berlinie, za\u015b 12 stycznia w Instytucie Polskim w Lipsku.\u00a0 Koncerty rozpoczynaj\u0105 sezon koncertowy obu plac\u00f3wkach w 2019 r. Jednocze\u015bnie wpisuj\u0105 si\u0119 w obchody 100-lecia obj\u0119cia przez Ignacego Jana Paderewskiego funkcji premiera rz\u0105du polskiego, kt\u00f3ry urz\u0119dowanie rozpocz\u0105\u0142 w styczniu 1919 r. Ponadto koncert w Lipsku przypada w [&hellip;]<\/p>\n","protected":false},"author":2,"featured_media":0,"comment_status":"open","ping_status":"open","sticky":false,"template":"","format":"standard","meta":{"footnotes":""},"categories":[1],"tags":[],"class_list":["post-908","post","type-post","status-publish","format-standard","hentry","category-bez-kategorii"],"_links":{"self":[{"href":"https:\/\/beethoven.org.pl\/impresariat\/wp-json\/wp\/v2\/posts\/908","targetHints":{"allow":["GET"]}}],"collection":[{"href":"https:\/\/beethoven.org.pl\/impresariat\/wp-json\/wp\/v2\/posts"}],"about":[{"href":"https:\/\/beethoven.org.pl\/impresariat\/wp-json\/wp\/v2\/types\/post"}],"author":[{"embeddable":true,"href":"https:\/\/beethoven.org.pl\/impresariat\/wp-json\/wp\/v2\/users\/2"}],"replies":[{"embeddable":true,"href":"https:\/\/beethoven.org.pl\/impresariat\/wp-json\/wp\/v2\/comments?post=908"}],"version-history":[{"count":2,"href":"https:\/\/beethoven.org.pl\/impresariat\/wp-json\/wp\/v2\/posts\/908\/revisions"}],"predecessor-version":[{"id":911,"href":"https:\/\/beethoven.org.pl\/impresariat\/wp-json\/wp\/v2\/posts\/908\/revisions\/911"}],"wp:attachment":[{"href":"https:\/\/beethoven.org.pl\/impresariat\/wp-json\/wp\/v2\/media?parent=908"}],"wp:term":[{"taxonomy":"category","embeddable":true,"href":"https:\/\/beethoven.org.pl\/impresariat\/wp-json\/wp\/v2\/categories?post=908"},{"taxonomy":"post_tag","embeddable":true,"href":"https:\/\/beethoven.org.pl\/impresariat\/wp-json\/wp\/v2\/tags?post=908"}],"curies":[{"name":"wp","href":"https:\/\/api.w.org\/{rel}","templated":true}]}}