{"id":899,"date":"2018-12-10T11:24:07","date_gmt":"2018-12-10T10:24:07","guid":{"rendered":"http:\/\/beethoven.org.pl\/impresariat\/?p=899"},"modified":"2018-12-14T11:25:10","modified_gmt":"2018-12-14T10:25:10","slug":"nowa-plyta-jaroslawa-nadrzyckiego","status":"publish","type":"post","link":"https:\/\/beethoven.org.pl\/impresariat\/2018\/12\/10\/nowa-plyta-jaroslawa-nadrzyckiego\/","title":{"rendered":"Nowa p\u0142yta Jaros\u0142awa Nadrzyckiego"},"content":{"rendered":"<p><\/p>\n<p style=\"text-align: left\"><strong><img loading=\"lazy\" decoding=\"async\" class=\"size-medium wp-image-902 alignleft\" src=\"http:\/\/beethoven.org.pl\/impresariat\/wp-content\/uploads\/sites\/6\/2018\/12\/Brahms_Cover-page-001-2-300x268.jpg\" alt=\"\" width=\"300\" height=\"268\" srcset=\"https:\/\/beethoven.org.pl\/impresariat\/wp-content\/uploads\/sites\/6\/2018\/12\/Brahms_Cover-page-001-2-300x268.jpg 300w, https:\/\/beethoven.org.pl\/impresariat\/wp-content\/uploads\/sites\/6\/2018\/12\/Brahms_Cover-page-001-2-768x685.jpg 768w, https:\/\/beethoven.org.pl\/impresariat\/wp-content\/uploads\/sites\/6\/2018\/12\/Brahms_Cover-page-001-2-1024x914.jpg 1024w, https:\/\/beethoven.org.pl\/impresariat\/wp-content\/uploads\/sites\/6\/2018\/12\/Brahms_Cover-page-001-2.jpg 1654w\" sizes=\"auto, (max-width: 300px) 100vw, 300px\" \/><\/strong>Nadrzycki&amp;Zathey DUO powsta\u0142o w 2011 roku. Wieloletnia przyja\u017a\u0144 pozamuzyczna obojga artyst\u00f3w zaowocowa\u0142a przyja\u017ani\u0105 naniwie muzycznej obfituj\u0105c\u0105 w r\u00f3\u017cne ciekawe wydarzenia artystycznejak recital w Macedonii podczas Ohrid Summer Festival czy recital inauguruj\u0105cy cykl koncert\u00f3w kameralnych w nowej siedzibieNOSPR-u w Katowicach. Kwintesencj\u0105 znakomitego porozumieniai wsp\u00f3lnej pasji kreowania pi\u0119kna muzyki b\u0119dzie p\u0142yta z Sonatamina skrzypce i fortepian Johannesa Brahmsa, kt\u00f3ra uka\u017ce si\u0119w listopadzie 2018 roku.<\/p>\n<p style=\"text-align: left\"><em>(\u2026) wys\u0142uchanie tej p\u0142yty to czysta muzyczna przyjemno\u015b\u0107. Warto\u015b\u0107 nagrania ma swoje \u017ar\u00f3d\u0142o przede wszystkim w idealnym partnerstwie. Arty\u015bci graj\u0105 \u201ew jednej dru\u017cynie\u201d. Inspiruj\u0105 si\u0119 wzajemnie emocjonalnym zaanga\u017cowaniem i wyrazistym muzycznym przes\u0142aniem swoich partii (\u2026) Czytelno\u015b\u0107 intencji muzycznych sprawia, i\u017c ka\u017cda z sonat prowadzi s\u0142uchacza w inny \u015bwiat emocji.<\/em><em>Maria Szwajger-Ku\u0142akowska<\/em><\/p>\n<p>P\u0142yta do kupienia: <a href=\"https:\/\/dobreplyty.pl\/pl\/p\/Brahms-Violin-Sonatas\/98\">TUTAJ<\/a><\/p>","protected":false},"excerpt":{"rendered":"<p>Nadrzycki&amp;Zathey DUO powsta\u0142o w 2011 roku. Wieloletnia przyja\u017a\u0144 pozamuzyczna obojga artyst\u00f3w zaowocowa\u0142a przyja\u017ani\u0105 naniwie muzycznej obfituj\u0105c\u0105 w r\u00f3\u017cne ciekawe wydarzenia artystycznejak recital w Macedonii podczas Ohrid Summer Festival czy recital inauguruj\u0105cy cykl koncert\u00f3w kameralnych w nowej siedzibieNOSPR-u w Katowicach. Kwintesencj\u0105 znakomitego porozumieniai wsp\u00f3lnej pasji kreowania pi\u0119kna muzyki b\u0119dzie p\u0142yta z Sonatamina skrzypce i fortepian Johannesa [&hellip;]<\/p>\n","protected":false},"author":2,"featured_media":0,"comment_status":"open","ping_status":"open","sticky":false,"template":"","format":"standard","meta":{"footnotes":""},"categories":[1],"tags":[],"class_list":["post-899","post","type-post","status-publish","format-standard","hentry","category-bez-kategorii"],"_links":{"self":[{"href":"https:\/\/beethoven.org.pl\/impresariat\/wp-json\/wp\/v2\/posts\/899","targetHints":{"allow":["GET"]}}],"collection":[{"href":"https:\/\/beethoven.org.pl\/impresariat\/wp-json\/wp\/v2\/posts"}],"about":[{"href":"https:\/\/beethoven.org.pl\/impresariat\/wp-json\/wp\/v2\/types\/post"}],"author":[{"embeddable":true,"href":"https:\/\/beethoven.org.pl\/impresariat\/wp-json\/wp\/v2\/users\/2"}],"replies":[{"embeddable":true,"href":"https:\/\/beethoven.org.pl\/impresariat\/wp-json\/wp\/v2\/comments?post=899"}],"version-history":[{"count":1,"href":"https:\/\/beethoven.org.pl\/impresariat\/wp-json\/wp\/v2\/posts\/899\/revisions"}],"predecessor-version":[{"id":903,"href":"https:\/\/beethoven.org.pl\/impresariat\/wp-json\/wp\/v2\/posts\/899\/revisions\/903"}],"wp:attachment":[{"href":"https:\/\/beethoven.org.pl\/impresariat\/wp-json\/wp\/v2\/media?parent=899"}],"wp:term":[{"taxonomy":"category","embeddable":true,"href":"https:\/\/beethoven.org.pl\/impresariat\/wp-json\/wp\/v2\/categories?post=899"},{"taxonomy":"post_tag","embeddable":true,"href":"https:\/\/beethoven.org.pl\/impresariat\/wp-json\/wp\/v2\/tags?post=899"}],"curies":[{"name":"wp","href":"https:\/\/api.w.org\/{rel}","templated":true}]}}