{"id":867,"date":"2018-11-12T18:50:56","date_gmt":"2018-11-12T17:50:56","guid":{"rendered":"http:\/\/beethoven.org.pl\/impresariat\/?p=867"},"modified":"2018-11-12T18:55:14","modified_gmt":"2018-11-12T17:55:14","slug":"penderecki-piano-trio","status":"publish","type":"post","link":"https:\/\/beethoven.org.pl\/impresariat\/2018\/11\/12\/penderecki-piano-trio\/","title":{"rendered":"Penderecki Piano Trio"},"content":{"rendered":"<p><img loading=\"lazy\" decoding=\"async\" class=\"size-medium wp-image-871\" src=\"http:\/\/beethoven.org.pl\/impresariat\/wp-content\/uploads\/sites\/6\/2018\/11\/static1.squarespace.com_-300x200.jpg\" alt=\"\" width=\"300\" height=\"200\" srcset=\"https:\/\/beethoven.org.pl\/impresariat\/wp-content\/uploads\/sites\/6\/2018\/11\/static1.squarespace.com_-300x200.jpg 300w, https:\/\/beethoven.org.pl\/impresariat\/wp-content\/uploads\/sites\/6\/2018\/11\/static1.squarespace.com_-768x512.jpg 768w, https:\/\/beethoven.org.pl\/impresariat\/wp-content\/uploads\/sites\/6\/2018\/11\/static1.squarespace.com_-1024x683.jpg 1024w, https:\/\/beethoven.org.pl\/impresariat\/wp-content\/uploads\/sites\/6\/2018\/11\/static1.squarespace.com_.jpg 1500w\" sizes=\"auto, (max-width: 300px) 100vw, 300px\" \/><\/p>\n<p>Stowarzyszenie im. Ludwiga van Beethovena rozpocz\u0119\u0142o wsp\u00f3\u0142prac\u0119 z Penderecki Piano Trio. Trio, powo\u0142ane w 85. urodziny Mistrza Krzysztofa Pendereckiego reprezentuj\u0105 muzycy nale\u017c\u0105cy do grona najlepszych polskich m\u0142odych muzyk\u00f3w : Karol Marianowski wiolonczela, Jaros\u0142aw Nadrzycki skrzypce i Konrad Skolarski fortepian. Oficjaln\u0105 inauguracj\u0105 dzia\u0142alno\u015bci Penderecki Piano Trio b\u0119dzie koncert z okazji Festiwalu Krzysztofa Pendereckiego, 18 listopada 2018, g.12.00 na Zamku Kr\u00f3lewskim w Warszawie. Wi\u0119cej informacji <a href=\"http:\/\/beethoven.org.pl\/impresariat\/artysci\/artysta\/?bio=penderecki-piano-trio\">TUTAJ<\/a><\/p>","protected":false},"excerpt":{"rendered":"<p>Stowarzyszenie im. Ludwiga van Beethovena rozpocz\u0119\u0142o wsp\u00f3\u0142prac\u0119 z Penderecki Piano Trio. Trio, powo\u0142ane w 85. urodziny Mistrza Krzysztofa Pendereckiego reprezentuj\u0105 muzycy nale\u017c\u0105cy do grona najlepszych polskich m\u0142odych muzyk\u00f3w : Karol Marianowski wiolonczela, Jaros\u0142aw Nadrzycki skrzypce i Konrad Skolarski fortepian. Oficjaln\u0105 inauguracj\u0105 dzia\u0142alno\u015bci Penderecki Piano Trio b\u0119dzie koncert z okazji Festiwalu Krzysztofa Pendereckiego, 18 listopada 2018, [&hellip;]<\/p>\n","protected":false},"author":2,"featured_media":0,"comment_status":"open","ping_status":"open","sticky":false,"template":"","format":"standard","meta":{"footnotes":""},"categories":[1],"tags":[],"class_list":["post-867","post","type-post","status-publish","format-standard","hentry","category-bez-kategorii"],"_links":{"self":[{"href":"https:\/\/beethoven.org.pl\/impresariat\/wp-json\/wp\/v2\/posts\/867","targetHints":{"allow":["GET"]}}],"collection":[{"href":"https:\/\/beethoven.org.pl\/impresariat\/wp-json\/wp\/v2\/posts"}],"about":[{"href":"https:\/\/beethoven.org.pl\/impresariat\/wp-json\/wp\/v2\/types\/post"}],"author":[{"embeddable":true,"href":"https:\/\/beethoven.org.pl\/impresariat\/wp-json\/wp\/v2\/users\/2"}],"replies":[{"embeddable":true,"href":"https:\/\/beethoven.org.pl\/impresariat\/wp-json\/wp\/v2\/comments?post=867"}],"version-history":[{"count":7,"href":"https:\/\/beethoven.org.pl\/impresariat\/wp-json\/wp\/v2\/posts\/867\/revisions"}],"predecessor-version":[{"id":876,"href":"https:\/\/beethoven.org.pl\/impresariat\/wp-json\/wp\/v2\/posts\/867\/revisions\/876"}],"wp:attachment":[{"href":"https:\/\/beethoven.org.pl\/impresariat\/wp-json\/wp\/v2\/media?parent=867"}],"wp:term":[{"taxonomy":"category","embeddable":true,"href":"https:\/\/beethoven.org.pl\/impresariat\/wp-json\/wp\/v2\/categories?post=867"},{"taxonomy":"post_tag","embeddable":true,"href":"https:\/\/beethoven.org.pl\/impresariat\/wp-json\/wp\/v2\/tags?post=867"}],"curies":[{"name":"wp","href":"https:\/\/api.w.org\/{rel}","templated":true}]}}