{"id":814,"date":"2018-10-25T08:01:20","date_gmt":"2018-10-25T06:01:20","guid":{"rendered":"http:\/\/beethoven.org.pl\/impresariat\/?p=814"},"modified":"2018-10-26T13:16:13","modified_gmt":"2018-10-26T11:16:13","slug":"amerykanskie-tournee-lukasz-krupinskiego","status":"publish","type":"post","link":"https:\/\/beethoven.org.pl\/impresariat\/2018\/10\/25\/amerykanskie-tournee-lukasz-krupinskiego\/","title":{"rendered":"Ameryka\u0144skie tourn\u00e9e \u0141ukasz Krupi\u0144skiego"},"content":{"rendered":"<p><img loading=\"lazy\" decoding=\"async\" class=\"alignnone size-medium wp-image-826 alignleft\" src=\"http:\/\/beethoven.org.pl\/impresariat\/wp-content\/uploads\/sites\/6\/2018\/10\/Projekt-bez-tytu\u0142u86-300x251.png\" alt=\"\" width=\"300\" height=\"251\" srcset=\"https:\/\/beethoven.org.pl\/impresariat\/wp-content\/uploads\/sites\/6\/2018\/10\/Projekt-bez-tytu\u0142u86-300x251.png 300w, https:\/\/beethoven.org.pl\/impresariat\/wp-content\/uploads\/sites\/6\/2018\/10\/Projekt-bez-tytu\u0142u86-768x644.png 768w, https:\/\/beethoven.org.pl\/impresariat\/wp-content\/uploads\/sites\/6\/2018\/10\/Projekt-bez-tytu\u0142u86.png 940w\" sizes=\"auto, (max-width: 300px) 100vw, 300px\" \/><\/p>\n<p>Po debiucie \u0141ukasza Krupi\u0144skiego w Carnegie Hall w lutym tego roku, pianista powraca z seri\u0105 koncert\u00f3w do Stan\u00f3w Zjednoczonych. Tym razem artysta odb\u0119dzie\u00a0<span class=\"st\">tourn\u00e9e sk\u0142adaj\u0105ce si\u0119 z 5 wyst\u0119p\u00f3w (3 symfoniczne i 2 recitale) w 4 miastach USA. Tras\u0119 rozpocznie wyst\u0119p z <a href=\"https:\/\/bpo.org\/event\/paderweskis-poland\/?fbclid=IwAR2n1iMotcR60bxQPgO3y-XlkPG947Um4VhFCWGVuT5V3zV4hwaist91Soo\">Buffalo Philharmonic Orchestra<\/a>. 27 i 28 pa\u017adziernika w\u00a0Kleinhans Music Hall zabrzmi\u00a0<\/span><em>Koncert fortepianowy\u00a0<\/em><span class=\"st\">a-moll I.J. Paderewskiego. Ponadto w programie <\/span><em>Marsz\u00a0pretorian\u00f3w <\/em><span class=\"st\">z oratorium <\/span><em>Quo Vadis<\/em><span class=\"st\"> Feliksa Nowowiejskiego &#8211; najcz\u0119\u015bciej wykonywanego polskiego utworu na \u015bwiecie w I po\u0142. XX w. oraz <\/span><em>III Symfonia<\/em><span class=\"st\"> Piotra Czajkowskiego zwana &#8222;Polsk\u0105&#8221;. Warto podkre\u015bli\u0107, \u017ce poprzez dob\u00f3r &#8221;polskiego&#8221; repertuaru w ten spos\u00f3b ameryka\u0144ska Orkiestra w\u0142\u0105cza si\u0119 w \u015bwi\u0119towane obchod\u00f3w przydaj\u0105cego w tym rok 100-lecia odzyskania przez Polsk\u0119 niepodleg\u0142o\u015bci.<\/span><\/p>\n<p>Z kolei dwa recitale, podczas kt\u00f3rych zabrzmi\u0105 utwory Chopina, Ravela, Rachmaninowa i Skriabinina, b\u0119d\u0105 kolejnymi punktami na mapie koncertowej pianisty. 31 pa\u017adziernika \u0141ukasz Krupi\u0144ski zaprezentuje si\u0119 w <a href=\"https:\/\/www2.naz.edu\/events\/3330\/lucas-krupinski-guest-piano\/\">Nazareth College Music Department<\/a> w <span class=\"2iem\">Rochester (Nowy Jork). Kilka dni p\u00f3\u017aniej (4 listopada) wyst\u0105pi z tym samym programem w <a href=\"https:\/\/www.bargemusic.org\/concert\/masterworks-series-chopin-ravel-rachmaninoff-scriabin\/\">BargeMusic<\/a> w Nowym Jorku. Recital odb\u0119dzie si\u0119 w ramach znanej mi\u0119dzynarodowej publiczno\u015bci serii &#8221;Masterworks Series&#8221;.<\/span><\/p>\n<p>Tras\u0119 koncertow\u0105 zako\u0144czy wyst\u0119p 10 listopada. Tego dnia pianista zagra wraz z legendarn\u0105 <a href=\"https:\/\/www.chicagophilharmonic.org\/celebrate-polonia\/\">Chicago Philharmonic Orchestra<\/a>. W koncercie zatytu\u0142owanym &#8221;Celebrate Polonia&#8221; \u0141ukasz Krupi\u0144ski kolejny raz wykona<em> Koncert fortepianowy<\/em> Paderewskiego, a tak\u017ce <em>Andante spianato i grande polonaise Es-dur<\/em> Fryderyka Chopina. Orkiestr\u0119 poprowadzi \u015bwiatowej s\u0142awy dyrygent Scott Speck &#8211; dyrektor artystyczny chicagowskiej Orkiestry.<\/p>","protected":false},"excerpt":{"rendered":"<p>Po debiucie \u0141ukasza Krupi\u0144skiego w Carnegie Hall w lutym tego roku, pianista powraca z seri\u0105 koncert\u00f3w do Stan\u00f3w Zjednoczonych. Tym razem artysta odb\u0119dzie\u00a0tourn\u00e9e sk\u0142adaj\u0105ce si\u0119 z 5 wyst\u0119p\u00f3w (3 symfoniczne i 2 recitale) w 4 miastach USA. Tras\u0119 rozpocznie wyst\u0119p z Buffalo Philharmonic Orchestra. 27 i 28 pa\u017adziernika w\u00a0Kleinhans Music Hall zabrzmi\u00a0Koncert fortepianowy\u00a0a-moll I.J. Paderewskiego. [&hellip;]<\/p>\n","protected":false},"author":2,"featured_media":0,"comment_status":"open","ping_status":"open","sticky":false,"template":"","format":"standard","meta":{"footnotes":""},"categories":[1],"tags":[],"class_list":["post-814","post","type-post","status-publish","format-standard","hentry","category-bez-kategorii"],"_links":{"self":[{"href":"https:\/\/beethoven.org.pl\/impresariat\/wp-json\/wp\/v2\/posts\/814","targetHints":{"allow":["GET"]}}],"collection":[{"href":"https:\/\/beethoven.org.pl\/impresariat\/wp-json\/wp\/v2\/posts"}],"about":[{"href":"https:\/\/beethoven.org.pl\/impresariat\/wp-json\/wp\/v2\/types\/post"}],"author":[{"embeddable":true,"href":"https:\/\/beethoven.org.pl\/impresariat\/wp-json\/wp\/v2\/users\/2"}],"replies":[{"embeddable":true,"href":"https:\/\/beethoven.org.pl\/impresariat\/wp-json\/wp\/v2\/comments?post=814"}],"version-history":[{"count":16,"href":"https:\/\/beethoven.org.pl\/impresariat\/wp-json\/wp\/v2\/posts\/814\/revisions"}],"predecessor-version":[{"id":833,"href":"https:\/\/beethoven.org.pl\/impresariat\/wp-json\/wp\/v2\/posts\/814\/revisions\/833"}],"wp:attachment":[{"href":"https:\/\/beethoven.org.pl\/impresariat\/wp-json\/wp\/v2\/media?parent=814"}],"wp:term":[{"taxonomy":"category","embeddable":true,"href":"https:\/\/beethoven.org.pl\/impresariat\/wp-json\/wp\/v2\/categories?post=814"},{"taxonomy":"post_tag","embeddable":true,"href":"https:\/\/beethoven.org.pl\/impresariat\/wp-json\/wp\/v2\/tags?post=814"}],"curies":[{"name":"wp","href":"https:\/\/api.w.org\/{rel}","templated":true}]}}