{"id":810,"date":"2018-10-19T11:05:11","date_gmt":"2018-10-19T09:05:11","guid":{"rendered":"http:\/\/beethoven.org.pl\/impresariat\/?p=810"},"modified":"2018-10-19T11:05:57","modified_gmt":"2018-10-19T09:05:57","slug":"krzysztof-ksiazek-zagra-w-elblagu","status":"publish","type":"post","link":"https:\/\/beethoven.org.pl\/impresariat\/2018\/10\/19\/krzysztof-ksiazek-zagra-w-elblagu\/","title":{"rendered":"Krzysztof Ksi\u0105\u017cek zagra w Elbl\u0105gu"},"content":{"rendered":"<p>21 pa\u017adziernika Krzysztof Ksi\u0105\u017cek wraz z Elbl\u0105sk\u0105 Orkiestr\u0105 Kameraln\u0105, kt\u00f3r\u0105 poprowadzi\u00a0Jaros\u0142aw Praszcza\u0142ek zagra w Elbl\u0105gu. W programie m.in. Koncert e-moll F. Chopina.<\/p>\n<p>Mo\u017cna go nazwa\u0107 po prostu pianist\u0105, ale mo\u017cna te\u017c p\u00f3\u0142finalist\u0105 i laureatem dw\u00f3ch nagr\u00f3d XVII Mi\u0119dzynarodowego Konkursu Chopinowskiego. Krzysztof Ksi\u0105\u017cek, bo o nim mowa, po raz pierwszy odwiedzi Elbl\u0105g i zaprezentuje swoje umiej\u0119tno\u015bci przed tutejsz\u0105 publiczno\u015bci\u0105.<br \/>\nW sali koncertowej ZPSM wyst\u0105pi artysta, kt\u00f3ry swoj\u0105 gr\u0119 okre\u015bla \u201emuzyczn\u0105 korespondencj\u0105 z kompozytorem\u201d. Tym razem Krzysztof Ksi\u0105\u017cek b\u0119dzie \u201ekorespondowa\u0142\u201d z Fryderykiem Chopinem, a dok\u0142adnie jego Koncertem fortepianowym e-moll. Sam Chopin w li\u015bcie do przyjaciela, Tytusa Woyciechowskiego, pisa\u0142, \u017ce \u015brodkowa cz\u0119\u015b\u0107 utworu to \u201edumanie w pi\u0119kny czas wiosny, przy ksi\u0119\u017cycu\u201d. Jak kompozycja zabrzmi w interpretacji jednego z najzdolniejszych polskich pianist\u00f3w m\u0142odego pokolenia?<\/p>\n<p>Poza Koncertem fortepianowym, ze sceny pop\u0142yn\u0105 m.in. d\u017awi\u0119ki Adagio na kwartet smyczkowy Samuela Barbera \u2013 dzie\u0142a utrzymanego w konwencji romantycznej, kt\u00f3re rozs\u0142awi\u0142 Arturo Toscanini. Legenda g\u0142osi, \u017ce dyrygent przed prawykonaniem Adagio tylko dwukrotnie zajrza\u0142 do partytury, momentalnie zapami\u0119tuj\u0105c utw\u00f3r. Oczekiwania mi\u0142o\u015bnik\u00f3w muzyki wsp\u00f3\u0142czesnej zaspokoi natomiast kompozycja Macieja Ba\u0142enkowskiego, Sinfonietta Time is ticking. (info. organizatora)<\/p>\n<p>21.10.2018, niedziela, 18:00<br \/>\nSala koncertowa Zespo\u0142u Pa\u0144stwowych Szk\u00f3\u0142 Muzycznych w Elbl\u0105gu<\/p>\n<p>Wyst\u0105pi\u0105:<\/p>\n<p>Krzysztof Ksi\u0105\u017cek \u2013 fortepian<br \/>\nMateusz Rusowicz \u2013 dyrygent<br \/>\nJaros\u0142aw Praszcza\u0142ek \u2013 s\u0142owo o koncercie<br \/>\nElbl\u0105ska Orkiestra Kameralna<\/p>\n<p>Zagramy m.in.:<\/p>\n<p>S. Barber &#8211; Adagio na kwartet smyczkowy op.11 (opr. na orkiestr\u0119 smyczkow\u0105)<br \/>\nF. Chopin \u2013 Koncert fortepianowy e-moll op. 11<br \/>\nL. Jan\u00e1\u010dek \u2013 Idylla na orkiestr\u0119 smyczkow\u0105 (JW6\/3)<br \/>\nM. Ba\u0142enkowski \u2013 Sinfonietta Time is ticking<\/p>\n<p>Rezerwacje:<\/p>\n<p>Biuro Koncertowe, Ratusz Staromiejski,<br \/>\ntel. 55 237 47 49, www. eok.elblag.eu<br \/>\nBilety: 40 z\u0142 (normalny), 30 z\u0142 (ulgowy)<br \/>\nSprawd\u017a zni\u017cki z Kart\u0105 Du\u017cej Rodziny<\/p>","protected":false},"excerpt":{"rendered":"<p>21 pa\u017adziernika Krzysztof Ksi\u0105\u017cek wraz z Elbl\u0105sk\u0105 Orkiestr\u0105 Kameraln\u0105, kt\u00f3r\u0105 poprowadzi\u00a0Jaros\u0142aw Praszcza\u0142ek zagra w Elbl\u0105gu. W programie m.in. Koncert e-moll F. Chopina. Mo\u017cna go nazwa\u0107 po prostu pianist\u0105, ale mo\u017cna te\u017c p\u00f3\u0142finalist\u0105 i laureatem dw\u00f3ch nagr\u00f3d XVII Mi\u0119dzynarodowego Konkursu Chopinowskiego. Krzysztof Ksi\u0105\u017cek, bo o nim mowa, po raz pierwszy odwiedzi Elbl\u0105g i zaprezentuje swoje umiej\u0119tno\u015bci [&hellip;]<\/p>\n","protected":false},"author":2,"featured_media":0,"comment_status":"open","ping_status":"open","sticky":false,"template":"","format":"standard","meta":{"footnotes":""},"categories":[1],"tags":[],"class_list":["post-810","post","type-post","status-publish","format-standard","hentry","category-bez-kategorii"],"_links":{"self":[{"href":"https:\/\/beethoven.org.pl\/impresariat\/wp-json\/wp\/v2\/posts\/810","targetHints":{"allow":["GET"]}}],"collection":[{"href":"https:\/\/beethoven.org.pl\/impresariat\/wp-json\/wp\/v2\/posts"}],"about":[{"href":"https:\/\/beethoven.org.pl\/impresariat\/wp-json\/wp\/v2\/types\/post"}],"author":[{"embeddable":true,"href":"https:\/\/beethoven.org.pl\/impresariat\/wp-json\/wp\/v2\/users\/2"}],"replies":[{"embeddable":true,"href":"https:\/\/beethoven.org.pl\/impresariat\/wp-json\/wp\/v2\/comments?post=810"}],"version-history":[{"count":1,"href":"https:\/\/beethoven.org.pl\/impresariat\/wp-json\/wp\/v2\/posts\/810\/revisions"}],"predecessor-version":[{"id":811,"href":"https:\/\/beethoven.org.pl\/impresariat\/wp-json\/wp\/v2\/posts\/810\/revisions\/811"}],"wp:attachment":[{"href":"https:\/\/beethoven.org.pl\/impresariat\/wp-json\/wp\/v2\/media?parent=810"}],"wp:term":[{"taxonomy":"category","embeddable":true,"href":"https:\/\/beethoven.org.pl\/impresariat\/wp-json\/wp\/v2\/categories?post=810"},{"taxonomy":"post_tag","embeddable":true,"href":"https:\/\/beethoven.org.pl\/impresariat\/wp-json\/wp\/v2\/tags?post=810"}],"curies":[{"name":"wp","href":"https:\/\/api.w.org\/{rel}","templated":true}]}}