{"id":791,"date":"2018-10-03T12:14:27","date_gmt":"2018-10-03T10:14:27","guid":{"rendered":"http:\/\/beethoven.org.pl\/impresariat\/?p=791"},"modified":"2018-10-08T10:49:56","modified_gmt":"2018-10-08T08:49:56","slug":"szymon-nehring-i-orquesta-simfonica-del-valles","status":"publish","type":"post","link":"https:\/\/beethoven.org.pl\/impresariat\/2018\/10\/03\/szymon-nehring-i-orquesta-simfonica-del-valles\/","title":{"rendered":"Szymon Nehring i Orquesta Simf\u00f3nica del Valles"},"content":{"rendered":"<p>5 i 6 pa\u017cdziernika Szymon Nehring zagra wraz z Orquesta Simf\u00f3nica del Valles <em>Koncert e-moll<\/em> Fryderyka Chopina. Pi\u0105tkowy koncert odb\u0119dzie si\u0119 Teatre La Far\u00e0ndula w Sabadell, za\u015b w sobot\u0119 artysta zagra Palau de la M\u00fasica Catalana w Barcelona. W programie ponadto utwory Wojciecha Kilara, Edwarda Elgara i Samuela Barbera.<\/p>\n<p>Wi\u0119cej informacji na stronie <a href=\"http:\/\/www.osvalles.com\/en\/concerts\">Orquestra Simf\u00f2nica del Vall\u00e8s<\/a><\/p>","protected":false},"excerpt":{"rendered":"<p>5 i 6 pa\u017cdziernika Szymon Nehring zagra wraz z Orquesta Simf\u00f3nica del Valles Koncert e-moll Fryderyka Chopina. Pi\u0105tkowy koncert odb\u0119dzie si\u0119 Teatre La Far\u00e0ndula w Sabadell, za\u015b w sobot\u0119 artysta zagra Palau de la M\u00fasica Catalana w Barcelona. W programie ponadto utwory Wojciecha Kilara, Edwarda Elgara i Samuela Barbera. Wi\u0119cej informacji na stronie Orquestra Simf\u00f2nica [&hellip;]<\/p>\n","protected":false},"author":2,"featured_media":0,"comment_status":"open","ping_status":"open","sticky":false,"template":"","format":"standard","meta":{"footnotes":""},"categories":[1],"tags":[],"class_list":["post-791","post","type-post","status-publish","format-standard","hentry","category-bez-kategorii"],"_links":{"self":[{"href":"https:\/\/beethoven.org.pl\/impresariat\/wp-json\/wp\/v2\/posts\/791","targetHints":{"allow":["GET"]}}],"collection":[{"href":"https:\/\/beethoven.org.pl\/impresariat\/wp-json\/wp\/v2\/posts"}],"about":[{"href":"https:\/\/beethoven.org.pl\/impresariat\/wp-json\/wp\/v2\/types\/post"}],"author":[{"embeddable":true,"href":"https:\/\/beethoven.org.pl\/impresariat\/wp-json\/wp\/v2\/users\/2"}],"replies":[{"embeddable":true,"href":"https:\/\/beethoven.org.pl\/impresariat\/wp-json\/wp\/v2\/comments?post=791"}],"version-history":[{"count":1,"href":"https:\/\/beethoven.org.pl\/impresariat\/wp-json\/wp\/v2\/posts\/791\/revisions"}],"predecessor-version":[{"id":794,"href":"https:\/\/beethoven.org.pl\/impresariat\/wp-json\/wp\/v2\/posts\/791\/revisions\/794"}],"wp:attachment":[{"href":"https:\/\/beethoven.org.pl\/impresariat\/wp-json\/wp\/v2\/media?parent=791"}],"wp:term":[{"taxonomy":"category","embeddable":true,"href":"https:\/\/beethoven.org.pl\/impresariat\/wp-json\/wp\/v2\/categories?post=791"},{"taxonomy":"post_tag","embeddable":true,"href":"https:\/\/beethoven.org.pl\/impresariat\/wp-json\/wp\/v2\/tags?post=791"}],"curies":[{"name":"wp","href":"https:\/\/api.w.org\/{rel}","templated":true}]}}