{"id":780,"date":"2018-09-29T12:18:25","date_gmt":"2018-09-29T10:18:25","guid":{"rendered":"http:\/\/beethoven.org.pl\/impresariat\/?p=780"},"modified":"2018-10-08T10:51:56","modified_gmt":"2018-10-08T08:51:56","slug":"780","status":"publish","type":"post","link":"https:\/\/beethoven.org.pl\/impresariat\/2018\/09\/29\/780\/","title":{"rendered":"Konrad Solarski wyst\u0105pi Buenos Aires"},"content":{"rendered":"<p><img loading=\"lazy\" decoding=\"async\" class=\"size-full wp-image-786 alignleft\" src=\"http:\/\/beethoven.org.pl\/impresariat\/wp-content\/uploads\/sites\/6\/2018\/09\/Projekt-bez-tytu\u0142u57.png\" alt=\"\" width=\"200\" height=\"121\" \/>W ramach Festival Internacional de Piano Chopiniana 2018 w Buenos wyst\u0105pi pianista Konrad Solarski. Artysta wraca do Buenos rok po wyst\u0119pie, kt\u00f3ry by\u0142 wielkim sukcesem na tym samym Festiwalu. Recital odb\u0119dzie si\u0119 w Audytorium Fundacji Beethovena<\/p>\n<p>&nbsp;<\/p>\n<p>&nbsp;<\/p>\n<p style=\"text-align: left\"><strong>KONRAD SKOLARSKI\u00a0<\/strong><\/p>\n<p><img loading=\"lazy\" decoding=\"async\" class=\"size-medium wp-image-782 alignleft\" src=\"http:\/\/beethoven.org.pl\/impresariat\/wp-content\/uploads\/sites\/6\/2018\/10\/plakat-Buenos-Aires-232x300.jpg\" alt=\"\" width=\"232\" height=\"300\" srcset=\"https:\/\/beethoven.org.pl\/impresariat\/wp-content\/uploads\/sites\/6\/2018\/10\/plakat-Buenos-Aires-232x300.jpg 232w, https:\/\/beethoven.org.pl\/impresariat\/wp-content\/uploads\/sites\/6\/2018\/10\/plakat-Buenos-Aires.jpg 741w\" sizes=\"auto, (max-width: 232px) 100vw, 232px\" \/><\/p>\n<p style=\"text-align: left\">Primera Parte<\/p>\n<p style=\"text-align: left\">Sonata Pathetica (Ludwig van Beethoven)<\/p>\n<p style=\"text-align: left\">Escenas Infantiles (Robert Schumann)<\/p>\n<p style=\"text-align: left\">Segunda Parte dedicada a Obras de Fryderyk Chopin<\/p>\n<p style=\"text-align: left\">Scherzo no.1 en si menor op.20<br \/>\nNocturno do menor op.48 n.1<\/p>\n<p style=\"text-align: left\">Nocturno fa menor op.55 n.1<br \/>\nBalada en fa menor n.4 op.52<\/p>\n<p><\/p>","protected":false},"excerpt":{"rendered":"<p>W ramach Festival Internacional de Piano Chopiniana 2018 w Buenos wyst\u0105pi pianista Konrad Solarski. Artysta wraca do Buenos rok po wyst\u0119pie, kt\u00f3ry by\u0142 wielkim sukcesem na tym samym Festiwalu. Recital odb\u0119dzie si\u0119 w Audytorium Fundacji Beethovena &nbsp; &nbsp; KONRAD SKOLARSKI\u00a0 Primera Parte Sonata Pathetica (Ludwig van Beethoven) Escenas Infantiles (Robert Schumann) Segunda Parte dedicada a [&hellip;]<\/p>\n","protected":false},"author":2,"featured_media":0,"comment_status":"open","ping_status":"open","sticky":false,"template":"","format":"standard","meta":{"footnotes":""},"categories":[1],"tags":[],"class_list":["post-780","post","type-post","status-publish","format-standard","hentry","category-bez-kategorii"],"_links":{"self":[{"href":"https:\/\/beethoven.org.pl\/impresariat\/wp-json\/wp\/v2\/posts\/780","targetHints":{"allow":["GET"]}}],"collection":[{"href":"https:\/\/beethoven.org.pl\/impresariat\/wp-json\/wp\/v2\/posts"}],"about":[{"href":"https:\/\/beethoven.org.pl\/impresariat\/wp-json\/wp\/v2\/types\/post"}],"author":[{"embeddable":true,"href":"https:\/\/beethoven.org.pl\/impresariat\/wp-json\/wp\/v2\/users\/2"}],"replies":[{"embeddable":true,"href":"https:\/\/beethoven.org.pl\/impresariat\/wp-json\/wp\/v2\/comments?post=780"}],"version-history":[{"count":4,"href":"https:\/\/beethoven.org.pl\/impresariat\/wp-json\/wp\/v2\/posts\/780\/revisions"}],"predecessor-version":[{"id":797,"href":"https:\/\/beethoven.org.pl\/impresariat\/wp-json\/wp\/v2\/posts\/780\/revisions\/797"}],"wp:attachment":[{"href":"https:\/\/beethoven.org.pl\/impresariat\/wp-json\/wp\/v2\/media?parent=780"}],"wp:term":[{"taxonomy":"category","embeddable":true,"href":"https:\/\/beethoven.org.pl\/impresariat\/wp-json\/wp\/v2\/categories?post=780"},{"taxonomy":"post_tag","embeddable":true,"href":"https:\/\/beethoven.org.pl\/impresariat\/wp-json\/wp\/v2\/tags?post=780"}],"curies":[{"name":"wp","href":"https:\/\/api.w.org\/{rel}","templated":true}]}}