{"id":657,"date":"2018-02-14T12:20:25","date_gmt":"2018-02-14T11:20:25","guid":{"rendered":"http:\/\/beethoven.org.pl\/impresariat\/?p=657"},"modified":"2018-02-14T12:20:25","modified_gmt":"2018-02-14T11:20:25","slug":"lukasz-krupinski-na-zimowych-igrzyskach-olimpijskich","status":"publish","type":"post","link":"https:\/\/beethoven.org.pl\/impresariat\/2018\/02\/14\/lukasz-krupinski-na-zimowych-igrzyskach-olimpijskich\/","title":{"rendered":"\u0141ukasz Krupi\u0144ski na Zimowych Igrzyskach Olimpijskich"},"content":{"rendered":"<p>14 lutego odb\u0119dzie si\u0119 recital fortepianowy \u0141ukasza Krupi\u0144skiego podczas Zimowych Igrzysk Olimpijskich w PyeongChang w Korei Po\u0142udniowej. Koncert organizowany jest przez Polski Komitet Olimpijski we wsp\u00f3\u0142pracy ze Stowarzyszeniem im. Ludwiga van Beethovena. Honorowy patronat nad koncertem obj\u0119\u0142a Ma\u0142\u017conka Prezydenta Rzeczypospolitej Polskiej Pani Agata Kornhauser-Duda<\/p>","protected":false},"excerpt":{"rendered":"<p>14 lutego odb\u0119dzie si\u0119 recital fortepianowy \u0141ukasza Krupi\u0144skiego podczas Zimowych Igrzysk Olimpijskich w PyeongChang w Korei Po\u0142udniowej. Koncert organizowany jest przez Polski Komitet Olimpijski we wsp\u00f3\u0142pracy ze Stowarzyszeniem im. Ludwiga van Beethovena. Honorowy patronat nad koncertem obj\u0119\u0142a Ma\u0142\u017conka Prezydenta Rzeczypospolitej Polskiej Pani Agata Kornhauser-Duda<\/p>\n","protected":false},"author":2,"featured_media":0,"comment_status":"open","ping_status":"open","sticky":false,"template":"","format":"standard","meta":{"footnotes":""},"categories":[1],"tags":[],"class_list":["post-657","post","type-post","status-publish","format-standard","hentry","category-bez-kategorii"],"_links":{"self":[{"href":"https:\/\/beethoven.org.pl\/impresariat\/wp-json\/wp\/v2\/posts\/657","targetHints":{"allow":["GET"]}}],"collection":[{"href":"https:\/\/beethoven.org.pl\/impresariat\/wp-json\/wp\/v2\/posts"}],"about":[{"href":"https:\/\/beethoven.org.pl\/impresariat\/wp-json\/wp\/v2\/types\/post"}],"author":[{"embeddable":true,"href":"https:\/\/beethoven.org.pl\/impresariat\/wp-json\/wp\/v2\/users\/2"}],"replies":[{"embeddable":true,"href":"https:\/\/beethoven.org.pl\/impresariat\/wp-json\/wp\/v2\/comments?post=657"}],"version-history":[{"count":1,"href":"https:\/\/beethoven.org.pl\/impresariat\/wp-json\/wp\/v2\/posts\/657\/revisions"}],"predecessor-version":[{"id":659,"href":"https:\/\/beethoven.org.pl\/impresariat\/wp-json\/wp\/v2\/posts\/657\/revisions\/659"}],"wp:attachment":[{"href":"https:\/\/beethoven.org.pl\/impresariat\/wp-json\/wp\/v2\/media?parent=657"}],"wp:term":[{"taxonomy":"category","embeddable":true,"href":"https:\/\/beethoven.org.pl\/impresariat\/wp-json\/wp\/v2\/categories?post=657"},{"taxonomy":"post_tag","embeddable":true,"href":"https:\/\/beethoven.org.pl\/impresariat\/wp-json\/wp\/v2\/tags?post=657"}],"curies":[{"name":"wp","href":"https:\/\/api.w.org\/{rel}","templated":true}]}}