{"id":652,"date":"2018-02-06T16:49:44","date_gmt":"2018-02-06T15:49:44","guid":{"rendered":"http:\/\/beethoven.org.pl\/impresariat\/?p=652"},"modified":"2018-02-13T17:39:18","modified_gmt":"2018-02-13T16:39:18","slug":"aleksandra-swigut-w-atmie","status":"publish","type":"post","link":"https:\/\/beethoven.org.pl\/impresariat\/2018\/02\/06\/aleksandra-swigut-w-atmie\/","title":{"rendered":"Aleksandra Kuls w Atmie"},"content":{"rendered":"<p>Aleksandra Kuls wyst\u0105pi w najbli\u017cszy czwartek (8 lutego) w\u00a0Muzeum Karola Szymanowskiego w Willi Atma w Zakopanem. Artystka wykona utwory\u00a0Claude\u2019a Debussy\u2019ego oraz Karola Szymanowskiego. Towarzyszy\u0107 jej b\u0119d\u0105\u00a0Bartosz Koziak (wiolonczela) oraz Marcin Koziak (fortepian).<\/p>\n<p>Wi\u0119cej informacji: <a href=\"http:\/\/zakopane.naszemiasto.pl\/imprezy\/koncert-quot-poeci-dzwiekow-i-kolorow-debussy-i-szymanowski-quot-60365266.html\">www.zakopane.naszemiasto.pl<\/a><\/p>\n<p>&nbsp;<\/p>","protected":false},"excerpt":{"rendered":"<p>Aleksandra Kuls wyst\u0105pi w najbli\u017cszy czwartek (8 lutego) w\u00a0Muzeum Karola Szymanowskiego w Willi Atma w Zakopanem. Artystka wykona utwory\u00a0Claude\u2019a Debussy\u2019ego oraz Karola Szymanowskiego. Towarzyszy\u0107 jej b\u0119d\u0105\u00a0Bartosz Koziak (wiolonczela) oraz Marcin Koziak (fortepian). Wi\u0119cej informacji: www.zakopane.naszemiasto.pl &nbsp;<\/p>\n","protected":false},"author":2,"featured_media":0,"comment_status":"open","ping_status":"open","sticky":false,"template":"","format":"standard","meta":{"footnotes":""},"categories":[1],"tags":[],"class_list":["post-652","post","type-post","status-publish","format-standard","hentry","category-bez-kategorii"],"_links":{"self":[{"href":"https:\/\/beethoven.org.pl\/impresariat\/wp-json\/wp\/v2\/posts\/652","targetHints":{"allow":["GET"]}}],"collection":[{"href":"https:\/\/beethoven.org.pl\/impresariat\/wp-json\/wp\/v2\/posts"}],"about":[{"href":"https:\/\/beethoven.org.pl\/impresariat\/wp-json\/wp\/v2\/types\/post"}],"author":[{"embeddable":true,"href":"https:\/\/beethoven.org.pl\/impresariat\/wp-json\/wp\/v2\/users\/2"}],"replies":[{"embeddable":true,"href":"https:\/\/beethoven.org.pl\/impresariat\/wp-json\/wp\/v2\/comments?post=652"}],"version-history":[{"count":2,"href":"https:\/\/beethoven.org.pl\/impresariat\/wp-json\/wp\/v2\/posts\/652\/revisions"}],"predecessor-version":[{"id":654,"href":"https:\/\/beethoven.org.pl\/impresariat\/wp-json\/wp\/v2\/posts\/652\/revisions\/654"}],"wp:attachment":[{"href":"https:\/\/beethoven.org.pl\/impresariat\/wp-json\/wp\/v2\/media?parent=652"}],"wp:term":[{"taxonomy":"category","embeddable":true,"href":"https:\/\/beethoven.org.pl\/impresariat\/wp-json\/wp\/v2\/categories?post=652"},{"taxonomy":"post_tag","embeddable":true,"href":"https:\/\/beethoven.org.pl\/impresariat\/wp-json\/wp\/v2\/tags?post=652"}],"curies":[{"name":"wp","href":"https:\/\/api.w.org\/{rel}","templated":true}]}}