{"id":649,"date":"2018-02-01T12:26:39","date_gmt":"2018-02-01T11:26:39","guid":{"rendered":"http:\/\/beethoven.org.pl\/impresariat\/?p=649"},"modified":"2018-02-05T12:30:59","modified_gmt":"2018-02-05T11:30:59","slug":"krzysztof-ksiazek-w-bialymstoku","status":"publish","type":"post","link":"https:\/\/beethoven.org.pl\/impresariat\/2018\/02\/01\/krzysztof-ksiazek-w-bialymstoku\/","title":{"rendered":"Krzysztof Ksi\u0105\u017cek w Bia\u0142ymstoku"},"content":{"rendered":"<p>Dzi\u015b o g. 19:00 w Operze i Filharmonii Podlaskiej \/ scenie przy ul. Podle\u015bnej 2 wyst\u0105pi z recitalem fortepianowym Krzysztof Ksi\u0105\u017cek. Zaprezentuje opr\u00f3cz muzyki Chopina (z repertuaru kt\u00f3ry cz\u0119\u015bciowo znalaz\u0142 si\u0119 na jego najnowszej p\u0142ycie) Obrazki z wystawy Musorgskiego oraz Wariacje A-dur KV 460 Mozarta.<\/p>\n<p>Wi\u0119cej informacji:\u00a0<a href=\"https:\/\/www.oifp.eu\/pl\/kalendarium-miesiac\/icalrepeat.detail\/2018\/02\/02\/2070\/12%7C64%7C67%7C69%7C136%7C149%7C155%7C172%7C13%7C63%7C68%7C72%7C176%7C14%7C71%7C132%7C62%7C66%7C129%7C142%7C159%7C167%7C65%7C126%7C15%7C135%7C41%7C107%7C90%7C91%7C139%7C164%7C153\/recital-fortepianowy-krzysztofa-ksiazka.html\">www.oifp.eu\/pl\/<\/a><\/p>\n<p>&nbsp;<\/p>","protected":false},"excerpt":{"rendered":"<p>Dzi\u015b o g. 19:00 w Operze i Filharmonii Podlaskiej \/ scenie przy ul. Podle\u015bnej 2 wyst\u0105pi z recitalem fortepianowym Krzysztof Ksi\u0105\u017cek. Zaprezentuje opr\u00f3cz muzyki Chopina (z repertuaru kt\u00f3ry cz\u0119\u015bciowo znalaz\u0142 si\u0119 na jego najnowszej p\u0142ycie) Obrazki z wystawy Musorgskiego oraz Wariacje A-dur KV 460 Mozarta. Wi\u0119cej informacji:\u00a0www.oifp.eu\/pl\/ &nbsp;<\/p>\n","protected":false},"author":2,"featured_media":0,"comment_status":"open","ping_status":"open","sticky":false,"template":"","format":"standard","meta":{"footnotes":""},"categories":[1],"tags":[],"class_list":["post-649","post","type-post","status-publish","format-standard","hentry","category-bez-kategorii"],"_links":{"self":[{"href":"https:\/\/beethoven.org.pl\/impresariat\/wp-json\/wp\/v2\/posts\/649","targetHints":{"allow":["GET"]}}],"collection":[{"href":"https:\/\/beethoven.org.pl\/impresariat\/wp-json\/wp\/v2\/posts"}],"about":[{"href":"https:\/\/beethoven.org.pl\/impresariat\/wp-json\/wp\/v2\/types\/post"}],"author":[{"embeddable":true,"href":"https:\/\/beethoven.org.pl\/impresariat\/wp-json\/wp\/v2\/users\/2"}],"replies":[{"embeddable":true,"href":"https:\/\/beethoven.org.pl\/impresariat\/wp-json\/wp\/v2\/comments?post=649"}],"version-history":[{"count":1,"href":"https:\/\/beethoven.org.pl\/impresariat\/wp-json\/wp\/v2\/posts\/649\/revisions"}],"predecessor-version":[{"id":650,"href":"https:\/\/beethoven.org.pl\/impresariat\/wp-json\/wp\/v2\/posts\/649\/revisions\/650"}],"wp:attachment":[{"href":"https:\/\/beethoven.org.pl\/impresariat\/wp-json\/wp\/v2\/media?parent=649"}],"wp:term":[{"taxonomy":"category","embeddable":true,"href":"https:\/\/beethoven.org.pl\/impresariat\/wp-json\/wp\/v2\/categories?post=649"},{"taxonomy":"post_tag","embeddable":true,"href":"https:\/\/beethoven.org.pl\/impresariat\/wp-json\/wp\/v2\/tags?post=649"}],"curies":[{"name":"wp","href":"https:\/\/api.w.org\/{rel}","templated":true}]}}