{"id":633,"date":"2017-12-21T09:46:56","date_gmt":"2017-12-21T08:46:56","guid":{"rendered":"http:\/\/beethoven.org.pl\/impresariat\/?p=633"},"modified":"2017-12-21T09:46:56","modified_gmt":"2017-12-21T08:46:56","slug":"lukasz-krupinski-swiatecznie-w-san-marino","status":"publish","type":"post","link":"https:\/\/beethoven.org.pl\/impresariat\/2017\/12\/21\/lukasz-krupinski-swiatecznie-w-san-marino\/","title":{"rendered":"\u0141ukasz Krupi\u0144ski \u015bwi\u0105tecznie w San Marino"},"content":{"rendered":"<p>Podczas koncertu \u015bwi\u0105tecznego w Palazzo Pubblico, w sali koncertowej Parlamentu San Marino pianista \u0141ukasz Krupi\u0144ski zaprezentuje <em>Andante Spianato i Wielki Polonez Es-dur op. 22 <\/em>Fryderyka Chopina<em>. <\/em>Koncert z udzia\u0142em Rz\u0105du odb\u0119dzie si\u0119 22 grudnia i b\u0119dzie transmitowany przez telewizj\u0119 San Marino.<\/p>\n<p><strong>\u00a0<\/strong><\/p>","protected":false},"excerpt":{"rendered":"<p>Podczas koncertu \u015bwi\u0105tecznego w Palazzo Pubblico, w sali koncertowej Parlamentu San Marino pianista \u0141ukasz Krupi\u0144ski zaprezentuje Andante Spianato i Wielki Polonez Es-dur op. 22 Fryderyka Chopina. Koncert z udzia\u0142em Rz\u0105du odb\u0119dzie si\u0119 22 grudnia i b\u0119dzie transmitowany przez telewizj\u0119 San Marino. \u00a0<\/p>\n","protected":false},"author":2,"featured_media":0,"comment_status":"open","ping_status":"open","sticky":false,"template":"","format":"standard","meta":{"footnotes":""},"categories":[1],"tags":[],"class_list":["post-633","post","type-post","status-publish","format-standard","hentry","category-bez-kategorii"],"_links":{"self":[{"href":"https:\/\/beethoven.org.pl\/impresariat\/wp-json\/wp\/v2\/posts\/633","targetHints":{"allow":["GET"]}}],"collection":[{"href":"https:\/\/beethoven.org.pl\/impresariat\/wp-json\/wp\/v2\/posts"}],"about":[{"href":"https:\/\/beethoven.org.pl\/impresariat\/wp-json\/wp\/v2\/types\/post"}],"author":[{"embeddable":true,"href":"https:\/\/beethoven.org.pl\/impresariat\/wp-json\/wp\/v2\/users\/2"}],"replies":[{"embeddable":true,"href":"https:\/\/beethoven.org.pl\/impresariat\/wp-json\/wp\/v2\/comments?post=633"}],"version-history":[{"count":1,"href":"https:\/\/beethoven.org.pl\/impresariat\/wp-json\/wp\/v2\/posts\/633\/revisions"}],"predecessor-version":[{"id":635,"href":"https:\/\/beethoven.org.pl\/impresariat\/wp-json\/wp\/v2\/posts\/633\/revisions\/635"}],"wp:attachment":[{"href":"https:\/\/beethoven.org.pl\/impresariat\/wp-json\/wp\/v2\/media?parent=633"}],"wp:term":[{"taxonomy":"category","embeddable":true,"href":"https:\/\/beethoven.org.pl\/impresariat\/wp-json\/wp\/v2\/categories?post=633"},{"taxonomy":"post_tag","embeddable":true,"href":"https:\/\/beethoven.org.pl\/impresariat\/wp-json\/wp\/v2\/tags?post=633"}],"curies":[{"name":"wp","href":"https:\/\/api.w.org\/{rel}","templated":true}]}}