{"id":629,"date":"2017-12-15T13:02:05","date_gmt":"2017-12-15T12:02:05","guid":{"rendered":"http:\/\/beethoven.org.pl\/impresariat\/?p=629"},"modified":"2017-12-15T13:04:48","modified_gmt":"2017-12-15T12:04:48","slug":"seria-nagran-z-muzyka-krzysztofa-pendereckiego-nagrodzona","status":"publish","type":"post","link":"https:\/\/beethoven.org.pl\/impresariat\/2017\/12\/15\/seria-nagran-z-muzyka-krzysztofa-pendereckiego-nagrodzona\/","title":{"rendered":"Seria nagra\u0144 z muzyk\u0105 Krzysztofa Pendereckiego nagrodzona"},"content":{"rendered":"<p>Seria p\u0142ytowa z utworami Krzysztofa Pendereckiego nagrana wsp\u00f3lnie z DUX zdoby\u0142a nagrod\u0119 Positive Feedback Writer\u2019s Choice Awards. \u00a0Jury przyznaj\u0105ce nagrod\u0119 sk\u0142adaj\u0105ce si\u0119 z autor\u00f3w Positive Feedback A Creative Forum for the Audio Arts wyr\u00f3\u017cni\u0142o nagrania Profesora Pendereckiego, okre\u015blaj\u0105c muzyk\u0119 jako \u201epot\u0119\u017cn\u0105, pe\u0142n\u0105 pasji, elokwentn\u0105 i nowoczesn\u0105\u201d.<\/p>\n<p>Wi\u0119cej informacji:<\/p>\n<p><a href=\"https:\/\/positive-feedback.com\/audio-discourse\/the-14th-annual-positive-feedback-writers-choice-awards-for-2017\/\">www.positive-feedback.com<\/a><\/p>","protected":false},"excerpt":{"rendered":"<p>Seria p\u0142ytowa z utworami Krzysztofa Pendereckiego nagrana wsp\u00f3lnie z DUX zdoby\u0142a nagrod\u0119 Positive Feedback Writer\u2019s Choice Awards. \u00a0Jury przyznaj\u0105ce nagrod\u0119 sk\u0142adaj\u0105ce si\u0119 z autor\u00f3w Positive Feedback A Creative Forum for the Audio Arts wyr\u00f3\u017cni\u0142o nagrania Profesora Pendereckiego, okre\u015blaj\u0105c muzyk\u0119 jako \u201epot\u0119\u017cn\u0105, pe\u0142n\u0105 pasji, elokwentn\u0105 i nowoczesn\u0105\u201d. Wi\u0119cej informacji: www.positive-feedback.com<\/p>\n","protected":false},"author":2,"featured_media":0,"comment_status":"open","ping_status":"open","sticky":false,"template":"","format":"standard","meta":{"footnotes":""},"categories":[1],"tags":[],"class_list":["post-629","post","type-post","status-publish","format-standard","hentry","category-bez-kategorii"],"_links":{"self":[{"href":"https:\/\/beethoven.org.pl\/impresariat\/wp-json\/wp\/v2\/posts\/629","targetHints":{"allow":["GET"]}}],"collection":[{"href":"https:\/\/beethoven.org.pl\/impresariat\/wp-json\/wp\/v2\/posts"}],"about":[{"href":"https:\/\/beethoven.org.pl\/impresariat\/wp-json\/wp\/v2\/types\/post"}],"author":[{"embeddable":true,"href":"https:\/\/beethoven.org.pl\/impresariat\/wp-json\/wp\/v2\/users\/2"}],"replies":[{"embeddable":true,"href":"https:\/\/beethoven.org.pl\/impresariat\/wp-json\/wp\/v2\/comments?post=629"}],"version-history":[{"count":1,"href":"https:\/\/beethoven.org.pl\/impresariat\/wp-json\/wp\/v2\/posts\/629\/revisions"}],"predecessor-version":[{"id":631,"href":"https:\/\/beethoven.org.pl\/impresariat\/wp-json\/wp\/v2\/posts\/629\/revisions\/631"}],"wp:attachment":[{"href":"https:\/\/beethoven.org.pl\/impresariat\/wp-json\/wp\/v2\/media?parent=629"}],"wp:term":[{"taxonomy":"category","embeddable":true,"href":"https:\/\/beethoven.org.pl\/impresariat\/wp-json\/wp\/v2\/categories?post=629"},{"taxonomy":"post_tag","embeddable":true,"href":"https:\/\/beethoven.org.pl\/impresariat\/wp-json\/wp\/v2\/tags?post=629"}],"curies":[{"name":"wp","href":"https:\/\/api.w.org\/{rel}","templated":true}]}}