{"id":623,"date":"2017-12-08T13:55:38","date_gmt":"2017-12-08T12:55:38","guid":{"rendered":"http:\/\/beethoven.org.pl\/impresariat\/?p=623"},"modified":"2017-12-08T13:55:38","modified_gmt":"2017-12-08T12:55:38","slug":"marek-bracha-w-toruniu","status":"publish","type":"post","link":"https:\/\/beethoven.org.pl\/impresariat\/2017\/12\/08\/marek-bracha-w-toruniu\/","title":{"rendered":"Marek Bracha w Toruniu"},"content":{"rendered":"<p>Marek Bracha wyst\u0105pi 8 grudnia z Maestro Jerzym Maksymiukiem i Toru\u0144sk\u0105 Orkiest\u0105 Symfoniczn\u0105. W ich wykonaniu us\u0142yszymy koncert na fortepian i orkiestr\u0119 Wojciecha Kilara. Serdecznie zapraszamy dzisiaj na godzin\u0119 19.00 do Torunia.<\/p>\n<p>Wi\u0119cej informacji i bilety: <a href=\"http:\/\/tos.art.pl\/pl\/wydarzenie_594_Maksymiuk_Kilar.html\">www.tos.art.pl<\/a><\/p>\n<p>Zapraszamy!<\/p>","protected":false},"excerpt":{"rendered":"<p>Marek Bracha wyst\u0105pi 8 grudnia z Maestro Jerzym Maksymiukiem i Toru\u0144sk\u0105 Orkiest\u0105 Symfoniczn\u0105. W ich wykonaniu us\u0142yszymy koncert na fortepian i orkiestr\u0119 Wojciecha Kilara. Serdecznie zapraszamy dzisiaj na godzin\u0119 19.00 do Torunia. Wi\u0119cej informacji i bilety: www.tos.art.pl Zapraszamy!<\/p>\n","protected":false},"author":2,"featured_media":0,"comment_status":"open","ping_status":"open","sticky":false,"template":"","format":"standard","meta":{"footnotes":""},"categories":[1],"tags":[],"class_list":["post-623","post","type-post","status-publish","format-standard","hentry","category-bez-kategorii"],"_links":{"self":[{"href":"https:\/\/beethoven.org.pl\/impresariat\/wp-json\/wp\/v2\/posts\/623","targetHints":{"allow":["GET"]}}],"collection":[{"href":"https:\/\/beethoven.org.pl\/impresariat\/wp-json\/wp\/v2\/posts"}],"about":[{"href":"https:\/\/beethoven.org.pl\/impresariat\/wp-json\/wp\/v2\/types\/post"}],"author":[{"embeddable":true,"href":"https:\/\/beethoven.org.pl\/impresariat\/wp-json\/wp\/v2\/users\/2"}],"replies":[{"embeddable":true,"href":"https:\/\/beethoven.org.pl\/impresariat\/wp-json\/wp\/v2\/comments?post=623"}],"version-history":[{"count":1,"href":"https:\/\/beethoven.org.pl\/impresariat\/wp-json\/wp\/v2\/posts\/623\/revisions"}],"predecessor-version":[{"id":625,"href":"https:\/\/beethoven.org.pl\/impresariat\/wp-json\/wp\/v2\/posts\/623\/revisions\/625"}],"wp:attachment":[{"href":"https:\/\/beethoven.org.pl\/impresariat\/wp-json\/wp\/v2\/media?parent=623"}],"wp:term":[{"taxonomy":"category","embeddable":true,"href":"https:\/\/beethoven.org.pl\/impresariat\/wp-json\/wp\/v2\/categories?post=623"},{"taxonomy":"post_tag","embeddable":true,"href":"https:\/\/beethoven.org.pl\/impresariat\/wp-json\/wp\/v2\/tags?post=623"}],"curies":[{"name":"wp","href":"https:\/\/api.w.org\/{rel}","templated":true}]}}