{"id":613,"date":"2017-12-05T11:48:17","date_gmt":"2017-12-05T10:48:17","guid":{"rendered":"http:\/\/beethoven.org.pl\/impresariat\/?p=613"},"modified":"2017-12-05T11:48:17","modified_gmt":"2017-12-05T10:48:17","slug":"artysci-stowarzyszenia-im-ludwiga-van-beethovena-dla-unicef","status":"publish","type":"post","link":"https:\/\/beethoven.org.pl\/impresariat\/2017\/12\/05\/artysci-stowarzyszenia-im-ludwiga-van-beethovena-dla-unicef\/","title":{"rendered":"Arty\u015bci Stowarzyszenia im. Ludwiga van Beethovena dla UNICEF"},"content":{"rendered":"<p>Arty\u015bci Impresariatu Stowarzyszenia im. Ludwiga van Beethovena u\u015bwietnili swoimi koncertami uroczyst\u0105 Gal\u0119 70-lecia UNICEF. Podczas tego wyj\u0105tkowego wydarzenia wyst\u0105pili \u00a0Krzysztof Ksi\u0105\u017cek, \u0141ukasz Krupi\u0144ski, Konrad Skolarski i Agata Szymczewska. Cieszymy si\u0119, \u017ce Arty\u015bci oraz przedstawiciele Stowarzyszenia im. Ludwiga van Beethovena maj\u0105 mo\u017cliwo\u015b\u0107 wsp\u00f3\u0142pracy z organizacj\u0105, kt\u00f3ra ju\u017c przesz\u0142o 70 lat realizuje tak szczytne cele. Uroczysta gala odby\u0142a si\u0119 1 grudnia w Hotelu Westin w Warszawie.<\/p>","protected":false},"excerpt":{"rendered":"<p>Arty\u015bci Impresariatu Stowarzyszenia im. Ludwiga van Beethovena u\u015bwietnili swoimi koncertami uroczyst\u0105 Gal\u0119 70-lecia UNICEF. Podczas tego wyj\u0105tkowego wydarzenia wyst\u0105pili \u00a0Krzysztof Ksi\u0105\u017cek, \u0141ukasz Krupi\u0144ski, Konrad Skolarski i Agata Szymczewska. Cieszymy si\u0119, \u017ce Arty\u015bci oraz przedstawiciele Stowarzyszenia im. Ludwiga van Beethovena maj\u0105 mo\u017cliwo\u015b\u0107 wsp\u00f3\u0142pracy z organizacj\u0105, kt\u00f3ra ju\u017c przesz\u0142o 70 lat realizuje tak szczytne cele. Uroczysta gala [&hellip;]<\/p>\n","protected":false},"author":2,"featured_media":0,"comment_status":"open","ping_status":"open","sticky":false,"template":"","format":"standard","meta":{"footnotes":""},"categories":[1],"tags":[],"class_list":["post-613","post","type-post","status-publish","format-standard","hentry","category-bez-kategorii"],"_links":{"self":[{"href":"https:\/\/beethoven.org.pl\/impresariat\/wp-json\/wp\/v2\/posts\/613","targetHints":{"allow":["GET"]}}],"collection":[{"href":"https:\/\/beethoven.org.pl\/impresariat\/wp-json\/wp\/v2\/posts"}],"about":[{"href":"https:\/\/beethoven.org.pl\/impresariat\/wp-json\/wp\/v2\/types\/post"}],"author":[{"embeddable":true,"href":"https:\/\/beethoven.org.pl\/impresariat\/wp-json\/wp\/v2\/users\/2"}],"replies":[{"embeddable":true,"href":"https:\/\/beethoven.org.pl\/impresariat\/wp-json\/wp\/v2\/comments?post=613"}],"version-history":[{"count":1,"href":"https:\/\/beethoven.org.pl\/impresariat\/wp-json\/wp\/v2\/posts\/613\/revisions"}],"predecessor-version":[{"id":616,"href":"https:\/\/beethoven.org.pl\/impresariat\/wp-json\/wp\/v2\/posts\/613\/revisions\/616"}],"wp:attachment":[{"href":"https:\/\/beethoven.org.pl\/impresariat\/wp-json\/wp\/v2\/media?parent=613"}],"wp:term":[{"taxonomy":"category","embeddable":true,"href":"https:\/\/beethoven.org.pl\/impresariat\/wp-json\/wp\/v2\/categories?post=613"},{"taxonomy":"post_tag","embeddable":true,"href":"https:\/\/beethoven.org.pl\/impresariat\/wp-json\/wp\/v2\/tags?post=613"}],"curies":[{"name":"wp","href":"https:\/\/api.w.org\/{rel}","templated":true}]}}