{"id":610,"date":"2017-11-30T11:36:54","date_gmt":"2017-11-30T10:36:54","guid":{"rendered":"http:\/\/beethoven.org.pl\/impresariat\/?p=610"},"modified":"2017-12-01T11:53:22","modified_gmt":"2017-12-01T10:53:22","slug":"marta-kowalczyk-we-wroclawiu","status":"publish","type":"post","link":"https:\/\/beethoven.org.pl\/impresariat\/2017\/11\/30\/marta-kowalczyk-we-wroclawiu\/","title":{"rendered":"Marta Kowalczyk we Wroc\u0142awiu"},"content":{"rendered":"<p>Ju\u017c 1 grudnia Marta Kowalczyk wyst\u0105pi w Narodowym Forum Muzyki we Wroc\u0142awiu\u00a0prezentuj\u0105c\u00a0<em>II Koncert skrzypcowy \u201eMetamorfozy\u201d\u00a0<\/em>Krzysztofa Pendereckiego. Towarzyszy\u0107 jej b\u0119dzie\u00a0NFM Filharmonia Wroc\u0142awska pod batut\u0105 Macieja Tworka. B\u0119dzie to wyj\u0105tkowy koncert z udzia\u0142em samego kompozytora. W programie znalaz\u0142y si\u0119 r\u00f3wnie\u017c\u00a0<em>Pi\u0119kna Meluzyna<\/em>\u00a0\u2013 uwertura op. 32 oraz IV Symfonia A-dur\u00a0op. 90 \u201eW\u0142oska\u201d , kt\u00f3r\u0105 poprowadzi sam Maestro Penderecki.<\/p>\n<p>Wi\u0119cej informacji:\u00a0<a href=\"http:\/\/www.nfm.wroclaw.pl\/component\/nfmcalendar\/event\/5815\">www.nfm.wroclaw.pl<\/a><\/p>\n<p>&nbsp;<\/p>","protected":false},"excerpt":{"rendered":"<p>Ju\u017c 1 grudnia Marta Kowalczyk wyst\u0105pi w Narodowym Forum Muzyki we Wroc\u0142awiu\u00a0prezentuj\u0105c\u00a0II Koncert skrzypcowy \u201eMetamorfozy\u201d\u00a0Krzysztofa Pendereckiego. Towarzyszy\u0107 jej b\u0119dzie\u00a0NFM Filharmonia Wroc\u0142awska pod batut\u0105 Macieja Tworka. B\u0119dzie to wyj\u0105tkowy koncert z udzia\u0142em samego kompozytora. W programie znalaz\u0142y si\u0119 r\u00f3wnie\u017c\u00a0Pi\u0119kna Meluzyna\u00a0\u2013 uwertura op. 32 oraz IV Symfonia A-dur\u00a0op. 90 \u201eW\u0142oska\u201d , kt\u00f3r\u0105 poprowadzi sam Maestro Penderecki. Wi\u0119cej [&hellip;]<\/p>\n","protected":false},"author":2,"featured_media":0,"comment_status":"open","ping_status":"open","sticky":false,"template":"","format":"standard","meta":{"footnotes":""},"categories":[1],"tags":[],"class_list":["post-610","post","type-post","status-publish","format-standard","hentry","category-bez-kategorii"],"_links":{"self":[{"href":"https:\/\/beethoven.org.pl\/impresariat\/wp-json\/wp\/v2\/posts\/610","targetHints":{"allow":["GET"]}}],"collection":[{"href":"https:\/\/beethoven.org.pl\/impresariat\/wp-json\/wp\/v2\/posts"}],"about":[{"href":"https:\/\/beethoven.org.pl\/impresariat\/wp-json\/wp\/v2\/types\/post"}],"author":[{"embeddable":true,"href":"https:\/\/beethoven.org.pl\/impresariat\/wp-json\/wp\/v2\/users\/2"}],"replies":[{"embeddable":true,"href":"https:\/\/beethoven.org.pl\/impresariat\/wp-json\/wp\/v2\/comments?post=610"}],"version-history":[{"count":1,"href":"https:\/\/beethoven.org.pl\/impresariat\/wp-json\/wp\/v2\/posts\/610\/revisions"}],"predecessor-version":[{"id":611,"href":"https:\/\/beethoven.org.pl\/impresariat\/wp-json\/wp\/v2\/posts\/610\/revisions\/611"}],"wp:attachment":[{"href":"https:\/\/beethoven.org.pl\/impresariat\/wp-json\/wp\/v2\/media?parent=610"}],"wp:term":[{"taxonomy":"category","embeddable":true,"href":"https:\/\/beethoven.org.pl\/impresariat\/wp-json\/wp\/v2\/categories?post=610"},{"taxonomy":"post_tag","embeddable":true,"href":"https:\/\/beethoven.org.pl\/impresariat\/wp-json\/wp\/v2\/tags?post=610"}],"curies":[{"name":"wp","href":"https:\/\/api.w.org\/{rel}","templated":true}]}}