{"id":604,"date":"2017-11-22T13:05:00","date_gmt":"2017-11-22T12:05:00","guid":{"rendered":"http:\/\/beethoven.org.pl\/impresariat\/?p=604"},"modified":"2017-11-22T13:18:50","modified_gmt":"2017-11-22T12:18:50","slug":"juz-jutro-specjalny-koncert-z-okazji-urodzin-profesora-krzysztofa-pendereckiego","status":"publish","type":"post","link":"https:\/\/beethoven.org.pl\/impresariat\/2017\/11\/22\/juz-jutro-specjalny-koncert-z-okazji-urodzin-profesora-krzysztofa-pendereckiego\/","title":{"rendered":"Ju\u017c jutro specjalny koncert z okazji urodzin Profesora Krzysztofa Pendereckiego"},"content":{"rendered":"<p>Z okazji urodzin \u00a0Krzysztofa Pendereckiego w Archikatedrze Warszawskiej zabrzmi jedno z jego monumentalnych dzie\u0142 \u2013 Credo. W\u015br\u00f3d solist\u00f3w tego wieczoru b\u0119dzie mo\u017cna us\u0142ysze\u0107 solist\u00f3w Polskiej Opery Kr\u00f3lewskiej Olg\u0119 Pasiecznik, Ann\u0119 Wierzbick\u0105, Ann\u0119 Radziejewsk\u0105 oraz Wojciecha Gierlacha. Go\u015bcinnie wyst\u0105pi tak\u017ce Krystian Krzeszowiak. Solistom towarzyszy\u0107 b\u0119dzie Orkiestra Polskiej Opery Kr\u00f3lewskiej, Ch\u00f3r Filharmonii Narodowej, Warszawski Ch\u00f3r Ch\u0142opi\u0119cy. Ca\u0142o\u015b\u0107 poprowadzi Maestro Maximiano Vald\u00e9s.<\/p>\n<p>Utw\u00f3r pocz\u0105tkowo pomy\u015blany jako cz\u0119\u015b\u0107 cyklu mszalnego sta\u0142 si\u0119 samodzielnym utworem, jeden z pi\u0119kniejszych wsp\u00f3\u0142cze\u015bnie komponowanych w nurcie oratoryjnej muzyki religijnej. Bilety na wydarzenie mo\u017cna znale\u017a\u0107 pod linkiem <a href=\"https:\/\/www.bilety24.pl\/kup-bilet-na-krzysztof-penderecki-credo-36431?id=176641\">www.bilety24.pl<\/a><\/p>","protected":false},"excerpt":{"rendered":"<p>Z okazji urodzin \u00a0Krzysztofa Pendereckiego w Archikatedrze Warszawskiej zabrzmi jedno z jego monumentalnych dzie\u0142 \u2013 Credo. W\u015br\u00f3d solist\u00f3w tego wieczoru b\u0119dzie mo\u017cna us\u0142ysze\u0107 solist\u00f3w Polskiej Opery Kr\u00f3lewskiej Olg\u0119 Pasiecznik, Ann\u0119 Wierzbick\u0105, Ann\u0119 Radziejewsk\u0105 oraz Wojciecha Gierlacha. Go\u015bcinnie wyst\u0105pi tak\u017ce Krystian Krzeszowiak. Solistom towarzyszy\u0107 b\u0119dzie Orkiestra Polskiej Opery Kr\u00f3lewskiej, Ch\u00f3r Filharmonii Narodowej, Warszawski Ch\u00f3r Ch\u0142opi\u0119cy. Ca\u0142o\u015b\u0107 [&hellip;]<\/p>\n","protected":false},"author":2,"featured_media":0,"comment_status":"open","ping_status":"open","sticky":false,"template":"","format":"standard","meta":{"footnotes":""},"categories":[1],"tags":[],"class_list":["post-604","post","type-post","status-publish","format-standard","hentry","category-bez-kategorii"],"_links":{"self":[{"href":"https:\/\/beethoven.org.pl\/impresariat\/wp-json\/wp\/v2\/posts\/604","targetHints":{"allow":["GET"]}}],"collection":[{"href":"https:\/\/beethoven.org.pl\/impresariat\/wp-json\/wp\/v2\/posts"}],"about":[{"href":"https:\/\/beethoven.org.pl\/impresariat\/wp-json\/wp\/v2\/types\/post"}],"author":[{"embeddable":true,"href":"https:\/\/beethoven.org.pl\/impresariat\/wp-json\/wp\/v2\/users\/2"}],"replies":[{"embeddable":true,"href":"https:\/\/beethoven.org.pl\/impresariat\/wp-json\/wp\/v2\/comments?post=604"}],"version-history":[{"count":2,"href":"https:\/\/beethoven.org.pl\/impresariat\/wp-json\/wp\/v2\/posts\/604\/revisions"}],"predecessor-version":[{"id":608,"href":"https:\/\/beethoven.org.pl\/impresariat\/wp-json\/wp\/v2\/posts\/604\/revisions\/608"}],"wp:attachment":[{"href":"https:\/\/beethoven.org.pl\/impresariat\/wp-json\/wp\/v2\/media?parent=604"}],"wp:term":[{"taxonomy":"category","embeddable":true,"href":"https:\/\/beethoven.org.pl\/impresariat\/wp-json\/wp\/v2\/categories?post=604"},{"taxonomy":"post_tag","embeddable":true,"href":"https:\/\/beethoven.org.pl\/impresariat\/wp-json\/wp\/v2\/tags?post=604"}],"curies":[{"name":"wp","href":"https:\/\/api.w.org\/{rel}","templated":true}]}}