{"id":600,"date":"2017-11-19T11:54:19","date_gmt":"2017-11-19T10:54:19","guid":{"rendered":"http:\/\/beethoven.org.pl\/impresariat\/?p=600"},"modified":"2017-11-21T15:22:53","modified_gmt":"2017-11-21T14:22:53","slug":"massimiliano-caldi-poprowadzi-cyrulika-sewilskiego-w-poznaniu","status":"publish","type":"post","link":"https:\/\/beethoven.org.pl\/impresariat\/2017\/11\/19\/massimiliano-caldi-poprowadzi-cyrulika-sewilskiego-w-poznaniu\/","title":{"rendered":"Massimiliano Caldi  poprowadzi Cyrulika Sewilskiego w Poznaniu"},"content":{"rendered":"<p>18 listopada Maestro Caldi wyst\u0105pi\u0142 w \u00a0Teatrze Wielkim w \u00a0Poznaniu gdzie poprowadzi\u0142 oper\u0119 Cyrulik Sewilski G. Rossiniego. Na scenie wyst\u0105pili\u00a0ch\u00f3r i orkiestra Teatru Wielkiego w Poznaniu oraz soli\u015bci.\u00a0 Oper\u0119 wyre\u017cyserowa\u0142 Markek Weiss-Grzesi\u0144ski.<\/p>","protected":false},"excerpt":{"rendered":"<p>18 listopada Maestro Caldi wyst\u0105pi\u0142 w \u00a0Teatrze Wielkim w \u00a0Poznaniu gdzie poprowadzi\u0142 oper\u0119 Cyrulik Sewilski G. Rossiniego. Na scenie wyst\u0105pili\u00a0ch\u00f3r i orkiestra Teatru Wielkiego w Poznaniu oraz soli\u015bci.\u00a0 Oper\u0119 wyre\u017cyserowa\u0142 Markek Weiss-Grzesi\u0144ski.<\/p>\n","protected":false},"author":2,"featured_media":0,"comment_status":"open","ping_status":"open","sticky":false,"template":"","format":"standard","meta":{"footnotes":""},"categories":[1],"tags":[],"class_list":["post-600","post","type-post","status-publish","format-standard","hentry","category-bez-kategorii"],"_links":{"self":[{"href":"https:\/\/beethoven.org.pl\/impresariat\/wp-json\/wp\/v2\/posts\/600","targetHints":{"allow":["GET"]}}],"collection":[{"href":"https:\/\/beethoven.org.pl\/impresariat\/wp-json\/wp\/v2\/posts"}],"about":[{"href":"https:\/\/beethoven.org.pl\/impresariat\/wp-json\/wp\/v2\/types\/post"}],"author":[{"embeddable":true,"href":"https:\/\/beethoven.org.pl\/impresariat\/wp-json\/wp\/v2\/users\/2"}],"replies":[{"embeddable":true,"href":"https:\/\/beethoven.org.pl\/impresariat\/wp-json\/wp\/v2\/comments?post=600"}],"version-history":[{"count":1,"href":"https:\/\/beethoven.org.pl\/impresariat\/wp-json\/wp\/v2\/posts\/600\/revisions"}],"predecessor-version":[{"id":602,"href":"https:\/\/beethoven.org.pl\/impresariat\/wp-json\/wp\/v2\/posts\/600\/revisions\/602"}],"wp:attachment":[{"href":"https:\/\/beethoven.org.pl\/impresariat\/wp-json\/wp\/v2\/media?parent=600"}],"wp:term":[{"taxonomy":"category","embeddable":true,"href":"https:\/\/beethoven.org.pl\/impresariat\/wp-json\/wp\/v2\/categories?post=600"},{"taxonomy":"post_tag","embeddable":true,"href":"https:\/\/beethoven.org.pl\/impresariat\/wp-json\/wp\/v2\/tags?post=600"}],"curies":[{"name":"wp","href":"https:\/\/api.w.org\/{rel}","templated":true}]}}