{"id":597,"date":"2017-11-17T12:50:39","date_gmt":"2017-11-17T11:50:39","guid":{"rendered":"http:\/\/beethoven.org.pl\/impresariat\/?p=597"},"modified":"2017-11-20T13:52:18","modified_gmt":"2017-11-20T12:52:18","slug":"szymon-nehring-w-polsce","status":"publish","type":"post","link":"https:\/\/beethoven.org.pl\/impresariat\/2017\/11\/17\/szymon-nehring-w-polsce\/","title":{"rendered":"Szymon Nehring w Polsce"},"content":{"rendered":"<p>W najbli\u017cszy weekend\u00a0wyj\u0105tkowa okazja us\u0142yszenia na \u017cywo Szymona Nehringa w Polsce. Pianista wyst\u0105pi w pi\u0105tek (17 listopada) w ZPSM im. S Moniuszki w Bielsku \u2013 Bia\u0142ej a w sobot\u0119 (18 listopada) w Polskiej Filharmonii Ba\u0142tyckiej w ramach Gda\u0144skiej Jesieni Pianistycznej. Pi\u0105tkowy koncert zosta\u0142 ju\u017c wyprzedany. Informacje o dost\u0119pno\u015bci bilet\u00f3w na sobotni koncert mo\u017cna znale\u017a\u0107 na stronie www.filharmonia.gda.pl<\/p>","protected":false},"excerpt":{"rendered":"<p>W najbli\u017cszy weekend\u00a0wyj\u0105tkowa okazja us\u0142yszenia na \u017cywo Szymona Nehringa w Polsce. Pianista wyst\u0105pi w pi\u0105tek (17 listopada) w ZPSM im. S Moniuszki w Bielsku \u2013 Bia\u0142ej a w sobot\u0119 (18 listopada) w Polskiej Filharmonii Ba\u0142tyckiej w ramach Gda\u0144skiej Jesieni Pianistycznej. Pi\u0105tkowy koncert zosta\u0142 ju\u017c wyprzedany. Informacje o dost\u0119pno\u015bci bilet\u00f3w na sobotni koncert mo\u017cna znale\u017a\u0107 na [&hellip;]<\/p>\n","protected":false},"author":2,"featured_media":0,"comment_status":"open","ping_status":"open","sticky":false,"template":"","format":"standard","meta":{"footnotes":""},"categories":[1],"tags":[],"class_list":["post-597","post","type-post","status-publish","format-standard","hentry","category-bez-kategorii"],"_links":{"self":[{"href":"https:\/\/beethoven.org.pl\/impresariat\/wp-json\/wp\/v2\/posts\/597","targetHints":{"allow":["GET"]}}],"collection":[{"href":"https:\/\/beethoven.org.pl\/impresariat\/wp-json\/wp\/v2\/posts"}],"about":[{"href":"https:\/\/beethoven.org.pl\/impresariat\/wp-json\/wp\/v2\/types\/post"}],"author":[{"embeddable":true,"href":"https:\/\/beethoven.org.pl\/impresariat\/wp-json\/wp\/v2\/users\/2"}],"replies":[{"embeddable":true,"href":"https:\/\/beethoven.org.pl\/impresariat\/wp-json\/wp\/v2\/comments?post=597"}],"version-history":[{"count":1,"href":"https:\/\/beethoven.org.pl\/impresariat\/wp-json\/wp\/v2\/posts\/597\/revisions"}],"predecessor-version":[{"id":599,"href":"https:\/\/beethoven.org.pl\/impresariat\/wp-json\/wp\/v2\/posts\/597\/revisions\/599"}],"wp:attachment":[{"href":"https:\/\/beethoven.org.pl\/impresariat\/wp-json\/wp\/v2\/media?parent=597"}],"wp:term":[{"taxonomy":"category","embeddable":true,"href":"https:\/\/beethoven.org.pl\/impresariat\/wp-json\/wp\/v2\/categories?post=597"},{"taxonomy":"post_tag","embeddable":true,"href":"https:\/\/beethoven.org.pl\/impresariat\/wp-json\/wp\/v2\/tags?post=597"}],"curies":[{"name":"wp","href":"https:\/\/api.w.org\/{rel}","templated":true}]}}