{"id":591,"date":"2017-11-16T13:46:31","date_gmt":"2017-11-16T12:46:31","guid":{"rendered":"http:\/\/beethoven.org.pl\/impresariat\/?p=591"},"modified":"2017-11-16T13:46:31","modified_gmt":"2017-11-16T12:46:31","slug":"plyta-lukasza-krupinskiego-espressione-nominowana-do-icma","status":"publish","type":"post","link":"https:\/\/beethoven.org.pl\/impresariat\/2017\/11\/16\/plyta-lukasza-krupinskiego-espressione-nominowana-do-icma\/","title":{"rendered":"P\u0142yta \u0141ukasza Krupi\u0144skiego \u201eESPRESSIONE\u2026\u201d nominowana do ICMA"},"content":{"rendered":"<p>Debiutancki album \u0141ukasza Krupi\u0144skiego \u201eESPRESSIONE\u2026\u201d otrzyma\u0142 \u00a0nominacj\u0119 do presti\u017cowej nagrody International Classical Music Awards. P\u0142yta zosta\u0142a wyr\u00f3\u017cniona w kategorii album solowy roku obok p\u0142yt: E. Kissina, K. Zimermana, N. Freire i M. Polliniego.<\/p>\n<p>Album ,,ESPRESSIONE\u2026 z Bolzano do San Marino\u201d inspirowany jest muzycznymi podr\u00f3\u017cami pianisty do W\u0142och. Znalaz\u0142y si\u0119 na niej utwory Haydna, Chopina i Scriabina.<\/p>","protected":false},"excerpt":{"rendered":"<p>Debiutancki album \u0141ukasza Krupi\u0144skiego \u201eESPRESSIONE\u2026\u201d otrzyma\u0142 \u00a0nominacj\u0119 do presti\u017cowej nagrody International Classical Music Awards. P\u0142yta zosta\u0142a wyr\u00f3\u017cniona w kategorii album solowy roku obok p\u0142yt: E. Kissina, K. Zimermana, N. Freire i M. Polliniego. Album ,,ESPRESSIONE\u2026 z Bolzano do San Marino\u201d inspirowany jest muzycznymi podr\u00f3\u017cami pianisty do W\u0142och. Znalaz\u0142y si\u0119 na niej utwory Haydna, Chopina i [&hellip;]<\/p>\n","protected":false},"author":2,"featured_media":0,"comment_status":"open","ping_status":"open","sticky":false,"template":"","format":"standard","meta":{"footnotes":""},"categories":[1],"tags":[],"class_list":["post-591","post","type-post","status-publish","format-standard","hentry","category-bez-kategorii"],"_links":{"self":[{"href":"https:\/\/beethoven.org.pl\/impresariat\/wp-json\/wp\/v2\/posts\/591","targetHints":{"allow":["GET"]}}],"collection":[{"href":"https:\/\/beethoven.org.pl\/impresariat\/wp-json\/wp\/v2\/posts"}],"about":[{"href":"https:\/\/beethoven.org.pl\/impresariat\/wp-json\/wp\/v2\/types\/post"}],"author":[{"embeddable":true,"href":"https:\/\/beethoven.org.pl\/impresariat\/wp-json\/wp\/v2\/users\/2"}],"replies":[{"embeddable":true,"href":"https:\/\/beethoven.org.pl\/impresariat\/wp-json\/wp\/v2\/comments?post=591"}],"version-history":[{"count":1,"href":"https:\/\/beethoven.org.pl\/impresariat\/wp-json\/wp\/v2\/posts\/591\/revisions"}],"predecessor-version":[{"id":592,"href":"https:\/\/beethoven.org.pl\/impresariat\/wp-json\/wp\/v2\/posts\/591\/revisions\/592"}],"wp:attachment":[{"href":"https:\/\/beethoven.org.pl\/impresariat\/wp-json\/wp\/v2\/media?parent=591"}],"wp:term":[{"taxonomy":"category","embeddable":true,"href":"https:\/\/beethoven.org.pl\/impresariat\/wp-json\/wp\/v2\/categories?post=591"},{"taxonomy":"post_tag","embeddable":true,"href":"https:\/\/beethoven.org.pl\/impresariat\/wp-json\/wp\/v2\/tags?post=591"}],"curies":[{"name":"wp","href":"https:\/\/api.w.org\/{rel}","templated":true}]}}