{"id":588,"date":"2017-11-15T15:37:38","date_gmt":"2017-11-15T14:37:38","guid":{"rendered":"http:\/\/beethoven.org.pl\/impresariat\/?p=588"},"modified":"2017-11-15T15:37:38","modified_gmt":"2017-11-15T14:37:38","slug":"lukasz-krupinski-w-mediolanie-i-w-filharmonii-narodowej-w-warszawie","status":"publish","type":"post","link":"https:\/\/beethoven.org.pl\/impresariat\/2017\/11\/15\/lukasz-krupinski-w-mediolanie-i-w-filharmonii-narodowej-w-warszawie\/","title":{"rendered":"\u0141ukasz Krupi\u0144ski w Mediolanie i w Filharmonii Narodowej w Warszawie"},"content":{"rendered":"<p>\u0141ukasz Krupi\u0144ski\u00a0wyst\u0105pi\u0142 z recitalem fortepianowy w Mediolanie w s\u0142ynnej Sali La Verdi. W\u0142oska publiczno\u015b\u0107 przyj\u0119\u0142a artyst\u0119 bardzo entuzjastycznie \u2013 bisowa\u0142 trzykrotnie utworami Fryderyka Chopina i Georgesa Gershwina. Kolejnego dnia w Filharmonii Narodowej w Warszawie \u0141ukasz Krupi\u0144ski wyst\u0105pi\u0142 z Orkiestr\u0105 Symfoniczn\u0105 Filharmonii Narodowej pod batut\u0105 Paw\u0142a Kapu\u0142y. Wsp\u00f3lnie wykonali ,,Fantazj\u0119 na tematy polskie\u201d oraz Andante spianato i Wielki Polonez Es-dur, a na bis artysta zaprezentowa\u0142 Walc cis-moll op. 62 nr 2. Koncerty odby\u0142y si\u0119 12 i 13 listopada.<\/p>","protected":false},"excerpt":{"rendered":"<p>\u0141ukasz Krupi\u0144ski\u00a0wyst\u0105pi\u0142 z recitalem fortepianowy w Mediolanie w s\u0142ynnej Sali La Verdi. W\u0142oska publiczno\u015b\u0107 przyj\u0119\u0142a artyst\u0119 bardzo entuzjastycznie \u2013 bisowa\u0142 trzykrotnie utworami Fryderyka Chopina i Georgesa Gershwina. Kolejnego dnia w Filharmonii Narodowej w Warszawie \u0141ukasz Krupi\u0144ski wyst\u0105pi\u0142 z Orkiestr\u0105 Symfoniczn\u0105 Filharmonii Narodowej pod batut\u0105 Paw\u0142a Kapu\u0142y. Wsp\u00f3lnie wykonali ,,Fantazj\u0119 na tematy polskie\u201d oraz Andante spianato [&hellip;]<\/p>\n","protected":false},"author":2,"featured_media":0,"comment_status":"open","ping_status":"open","sticky":false,"template":"","format":"standard","meta":{"footnotes":""},"categories":[1],"tags":[],"class_list":["post-588","post","type-post","status-publish","format-standard","hentry","category-bez-kategorii"],"_links":{"self":[{"href":"https:\/\/beethoven.org.pl\/impresariat\/wp-json\/wp\/v2\/posts\/588","targetHints":{"allow":["GET"]}}],"collection":[{"href":"https:\/\/beethoven.org.pl\/impresariat\/wp-json\/wp\/v2\/posts"}],"about":[{"href":"https:\/\/beethoven.org.pl\/impresariat\/wp-json\/wp\/v2\/types\/post"}],"author":[{"embeddable":true,"href":"https:\/\/beethoven.org.pl\/impresariat\/wp-json\/wp\/v2\/users\/2"}],"replies":[{"embeddable":true,"href":"https:\/\/beethoven.org.pl\/impresariat\/wp-json\/wp\/v2\/comments?post=588"}],"version-history":[{"count":1,"href":"https:\/\/beethoven.org.pl\/impresariat\/wp-json\/wp\/v2\/posts\/588\/revisions"}],"predecessor-version":[{"id":590,"href":"https:\/\/beethoven.org.pl\/impresariat\/wp-json\/wp\/v2\/posts\/588\/revisions\/590"}],"wp:attachment":[{"href":"https:\/\/beethoven.org.pl\/impresariat\/wp-json\/wp\/v2\/media?parent=588"}],"wp:term":[{"taxonomy":"category","embeddable":true,"href":"https:\/\/beethoven.org.pl\/impresariat\/wp-json\/wp\/v2\/categories?post=588"},{"taxonomy":"post_tag","embeddable":true,"href":"https:\/\/beethoven.org.pl\/impresariat\/wp-json\/wp\/v2\/tags?post=588"}],"curies":[{"name":"wp","href":"https:\/\/api.w.org\/{rel}","templated":true}]}}