{"id":584,"date":"2017-11-20T12:32:48","date_gmt":"2017-11-20T11:32:48","guid":{"rendered":"http:\/\/beethoven.org.pl\/impresariat\/?p=584"},"modified":"2017-11-20T13:51:58","modified_gmt":"2017-11-20T12:51:58","slug":"dawid-runtz-zadyryguje-podczas-finalu-arboretum","status":"publish","type":"post","link":"https:\/\/beethoven.org.pl\/impresariat\/2017\/11\/20\/dawid-runtz-zadyryguje-podczas-finalu-arboretum\/","title":{"rendered":"Dawid Runtz zadyryguje podczas fina\u0142u ARBORETUM"},"content":{"rendered":"<p>Dawid Runtz poprowadzi Radomsk\u0105 Orkiestr\u0105 Kameraln\u0105 podczas fina\u0142owego koncertu III\u00a0Mi\u0119dzynarodowego Konkursu Kompozytorskiego Krzysztofa Pendereckiego ARBORETUM. \u00a0Koncert odb\u0119dzie si\u0119 21 listopada w Sali Koncertowej im. Krzysztofa Pendereckiego w Radomiu.<\/p>\n<p>Jury na czele z prof. Krzysztofem Pendereckim wy\u0142oni\u0142o spo\u015br\u00f3d ponad 100 nades\u0142anych partytur utwory sze\u015bciu finalist\u00f3w: Albert Carbonell Sauri, Gianluca Castelli, Michael Gatonska, Wojciech Kostrzewa, Andrea Portera, Hajime Shimizu. W trakcie fina\u0142owego koncertu wykonane zostan\u0105 kompozycje wszystkich sze\u015bciu finalist\u00f3w tego wieczoru og\u0142oszone zostanie nazwisko zwyci\u0119scy konkursu, a tak\u017ce wr\u0119czona zostanie nagroda publiczno\u015bci.<\/p>\n<p>Wi\u0119cej informacji: <a href=\"http:\/\/rok.art.pl\/wydarzenia\/iii-miedzynarodowy-konkurs-kompozytorki-krzysztofa-pendereckiego-arboretum-koncert-finalowy\/\">www.rok.art.pl<\/a><\/p>\n<p>&nbsp;<\/p>\n<p>&nbsp;<\/p>","protected":false},"excerpt":{"rendered":"<p>Dawid Runtz poprowadzi Radomsk\u0105 Orkiestr\u0105 Kameraln\u0105 podczas fina\u0142owego koncertu III\u00a0Mi\u0119dzynarodowego Konkursu Kompozytorskiego Krzysztofa Pendereckiego ARBORETUM. \u00a0Koncert odb\u0119dzie si\u0119 21 listopada w Sali Koncertowej im. Krzysztofa Pendereckiego w Radomiu. Jury na czele z prof. Krzysztofem Pendereckim wy\u0142oni\u0142o spo\u015br\u00f3d ponad 100 nades\u0142anych partytur utwory sze\u015bciu finalist\u00f3w: Albert Carbonell Sauri, Gianluca Castelli, Michael Gatonska, Wojciech Kostrzewa, Andrea Portera, [&hellip;]<\/p>\n","protected":false},"author":2,"featured_media":0,"comment_status":"open","ping_status":"open","sticky":false,"template":"","format":"standard","meta":{"footnotes":""},"categories":[1],"tags":[],"class_list":["post-584","post","type-post","status-publish","format-standard","hentry","category-bez-kategorii"],"_links":{"self":[{"href":"https:\/\/beethoven.org.pl\/impresariat\/wp-json\/wp\/v2\/posts\/584","targetHints":{"allow":["GET"]}}],"collection":[{"href":"https:\/\/beethoven.org.pl\/impresariat\/wp-json\/wp\/v2\/posts"}],"about":[{"href":"https:\/\/beethoven.org.pl\/impresariat\/wp-json\/wp\/v2\/types\/post"}],"author":[{"embeddable":true,"href":"https:\/\/beethoven.org.pl\/impresariat\/wp-json\/wp\/v2\/users\/2"}],"replies":[{"embeddable":true,"href":"https:\/\/beethoven.org.pl\/impresariat\/wp-json\/wp\/v2\/comments?post=584"}],"version-history":[{"count":1,"href":"https:\/\/beethoven.org.pl\/impresariat\/wp-json\/wp\/v2\/posts\/584\/revisions"}],"predecessor-version":[{"id":587,"href":"https:\/\/beethoven.org.pl\/impresariat\/wp-json\/wp\/v2\/posts\/584\/revisions\/587"}],"wp:attachment":[{"href":"https:\/\/beethoven.org.pl\/impresariat\/wp-json\/wp\/v2\/media?parent=584"}],"wp:term":[{"taxonomy":"category","embeddable":true,"href":"https:\/\/beethoven.org.pl\/impresariat\/wp-json\/wp\/v2\/categories?post=584"},{"taxonomy":"post_tag","embeddable":true,"href":"https:\/\/beethoven.org.pl\/impresariat\/wp-json\/wp\/v2\/tags?post=584"}],"curies":[{"name":"wp","href":"https:\/\/api.w.org\/{rel}","templated":true}]}}