{"id":580,"date":"2017-11-09T12:03:58","date_gmt":"2017-11-09T11:03:58","guid":{"rendered":"http:\/\/beethoven.org.pl\/impresariat\/?p=580"},"modified":"2017-11-09T12:03:58","modified_gmt":"2017-11-09T11:03:58","slug":"marta-kowalczyk-w-bukareszcie","status":"publish","type":"post","link":"https:\/\/beethoven.org.pl\/impresariat\/2017\/11\/09\/marta-kowalczyk-w-bukareszcie\/","title":{"rendered":"Marta Kowalczyk w Bukareszcie"},"content":{"rendered":"<p>Reprezentowana przez Stowarzyszenie im. Ludwiga van Beethovena polska skrzypaczka Marta Kowalczyk wyst\u0105pi 10 listopada w Sali Radia w Bukareszcie.\u00a0\u00a0Artystce towarzyszy\u0107 b\u0119dzie Narodowa Orkiestra Radiowa.\u00a0Ca\u0142o\u015bci\u0105 zadyryguje Maestro\u00a0Gerd Schaller. W programie\u00a0 1 Koncert skrzypcowy op. 35 K. Szymanowskiego,\u00a0V Symfonia e-moll op. 64 P. Czajkowskiego a tak\u017ce\u00a0<em>Spini\u00a0\u00a0<\/em>D. Dediu. Koncert organizowany jest w\u00a0ramach obchod\u00f3w\u00a0 80. rocznicy utworzenia pierwszego Instytutu Kultury Polskiej w Bukareszcie oraz nawi\u0105zania polsko-rumu\u0144skich relacji kulturalnych.\u00a0Wsp\u00f3\u0142organizatorem wydarzenia jest\u00a0Instytut Polski w Bukareszcie.<\/p>\n<p>Wi\u0119cej infomracji: <a href=\"http:\/\/www.culturapoloneza.ro\/pl\/events\/item\/polski-wieczor-skrzypcowy-w-sali-radia.html\">www.culturapoloneza.ro<\/a><\/p>","protected":false},"excerpt":{"rendered":"<p>Reprezentowana przez Stowarzyszenie im. Ludwiga van Beethovena polska skrzypaczka Marta Kowalczyk wyst\u0105pi 10 listopada w Sali Radia w Bukareszcie.\u00a0\u00a0Artystce towarzyszy\u0107 b\u0119dzie Narodowa Orkiestra Radiowa.\u00a0Ca\u0142o\u015bci\u0105 zadyryguje Maestro\u00a0Gerd Schaller. W programie\u00a0 1 Koncert skrzypcowy op. 35 K. Szymanowskiego,\u00a0V Symfonia e-moll op. 64 P. Czajkowskiego a tak\u017ce\u00a0Spini\u00a0\u00a0D. Dediu. Koncert organizowany jest w\u00a0ramach obchod\u00f3w\u00a0 80. rocznicy utworzenia pierwszego Instytutu [&hellip;]<\/p>\n","protected":false},"author":2,"featured_media":0,"comment_status":"open","ping_status":"open","sticky":false,"template":"","format":"standard","meta":{"footnotes":""},"categories":[1],"tags":[],"class_list":["post-580","post","type-post","status-publish","format-standard","hentry","category-bez-kategorii"],"_links":{"self":[{"href":"https:\/\/beethoven.org.pl\/impresariat\/wp-json\/wp\/v2\/posts\/580","targetHints":{"allow":["GET"]}}],"collection":[{"href":"https:\/\/beethoven.org.pl\/impresariat\/wp-json\/wp\/v2\/posts"}],"about":[{"href":"https:\/\/beethoven.org.pl\/impresariat\/wp-json\/wp\/v2\/types\/post"}],"author":[{"embeddable":true,"href":"https:\/\/beethoven.org.pl\/impresariat\/wp-json\/wp\/v2\/users\/2"}],"replies":[{"embeddable":true,"href":"https:\/\/beethoven.org.pl\/impresariat\/wp-json\/wp\/v2\/comments?post=580"}],"version-history":[{"count":1,"href":"https:\/\/beethoven.org.pl\/impresariat\/wp-json\/wp\/v2\/posts\/580\/revisions"}],"predecessor-version":[{"id":582,"href":"https:\/\/beethoven.org.pl\/impresariat\/wp-json\/wp\/v2\/posts\/580\/revisions\/582"}],"wp:attachment":[{"href":"https:\/\/beethoven.org.pl\/impresariat\/wp-json\/wp\/v2\/media?parent=580"}],"wp:term":[{"taxonomy":"category","embeddable":true,"href":"https:\/\/beethoven.org.pl\/impresariat\/wp-json\/wp\/v2\/categories?post=580"},{"taxonomy":"post_tag","embeddable":true,"href":"https:\/\/beethoven.org.pl\/impresariat\/wp-json\/wp\/v2\/tags?post=580"}],"curies":[{"name":"wp","href":"https:\/\/api.w.org\/{rel}","templated":true}]}}