{"id":578,"date":"2017-11-07T13:39:51","date_gmt":"2017-11-07T12:39:51","guid":{"rendered":"http:\/\/beethoven.org.pl\/impresariat\/?p=578"},"modified":"2017-11-07T13:39:51","modified_gmt":"2017-11-07T12:39:51","slug":"inaugruracja-polskiego-radia-chopin-z-krzysztofem-ksiazkiem","status":"publish","type":"post","link":"https:\/\/beethoven.org.pl\/impresariat\/2017\/11\/07\/inaugruracja-polskiego-radia-chopin-z-krzysztofem-ksiazkiem\/","title":{"rendered":"Inaugruracja Polskiego Radia Chopin z Krzysztofem Ksi\u0105\u017ckiem"},"content":{"rendered":"<p>Ju\u017c dzi\u015b Krzysztof Ksi\u0105\u017cek wyst\u0105pi\u0142 podczas konferencji prasowej, kt\u00f3ra odby\u0142a si\u0119\u00a0w zwi\u0105zku z\u00a0inauguracj\u0105 Polskiego Radia Chopin. Pianista wykona\u0142 utwory Chopina i Paderewskiego.<\/p>\n<p>Polskie Radio Chopin dost\u0119pne b\u0119dzie w cyfrowym nadawaniu naziemnym oraz w Internecie (<strong><a href=\"https:\/\/www.polskieradio.pl\/8\/6384\" target=\"_blank\">chopin.polskieradio.pl<\/a><\/strong>). Ma by\u0107 ono nowoczesnym kompendium wiedzy o \u017cyciu i tw\u00f3rczo\u015bci Fryderyka Chopina. Kana\u0142 wystartuje w najbli\u017csz\u0105 sobot\u0119 11 listopada.<\/p>\n<p>&nbsp;<\/p>","protected":false},"excerpt":{"rendered":"<p>Ju\u017c dzi\u015b Krzysztof Ksi\u0105\u017cek wyst\u0105pi\u0142 podczas konferencji prasowej, kt\u00f3ra odby\u0142a si\u0119\u00a0w zwi\u0105zku z\u00a0inauguracj\u0105 Polskiego Radia Chopin. Pianista wykona\u0142 utwory Chopina i Paderewskiego. Polskie Radio Chopin dost\u0119pne b\u0119dzie w cyfrowym nadawaniu naziemnym oraz w Internecie (chopin.polskieradio.pl). Ma by\u0107 ono nowoczesnym kompendium wiedzy o \u017cyciu i tw\u00f3rczo\u015bci Fryderyka Chopina. Kana\u0142 wystartuje w najbli\u017csz\u0105 sobot\u0119 11 listopada. &nbsp;<\/p>\n","protected":false},"author":2,"featured_media":0,"comment_status":"open","ping_status":"open","sticky":false,"template":"","format":"standard","meta":{"footnotes":""},"categories":[1],"tags":[],"class_list":["post-578","post","type-post","status-publish","format-standard","hentry","category-bez-kategorii"],"_links":{"self":[{"href":"https:\/\/beethoven.org.pl\/impresariat\/wp-json\/wp\/v2\/posts\/578","targetHints":{"allow":["GET"]}}],"collection":[{"href":"https:\/\/beethoven.org.pl\/impresariat\/wp-json\/wp\/v2\/posts"}],"about":[{"href":"https:\/\/beethoven.org.pl\/impresariat\/wp-json\/wp\/v2\/types\/post"}],"author":[{"embeddable":true,"href":"https:\/\/beethoven.org.pl\/impresariat\/wp-json\/wp\/v2\/users\/2"}],"replies":[{"embeddable":true,"href":"https:\/\/beethoven.org.pl\/impresariat\/wp-json\/wp\/v2\/comments?post=578"}],"version-history":[{"count":1,"href":"https:\/\/beethoven.org.pl\/impresariat\/wp-json\/wp\/v2\/posts\/578\/revisions"}],"predecessor-version":[{"id":579,"href":"https:\/\/beethoven.org.pl\/impresariat\/wp-json\/wp\/v2\/posts\/578\/revisions\/579"}],"wp:attachment":[{"href":"https:\/\/beethoven.org.pl\/impresariat\/wp-json\/wp\/v2\/media?parent=578"}],"wp:term":[{"taxonomy":"category","embeddable":true,"href":"https:\/\/beethoven.org.pl\/impresariat\/wp-json\/wp\/v2\/categories?post=578"},{"taxonomy":"post_tag","embeddable":true,"href":"https:\/\/beethoven.org.pl\/impresariat\/wp-json\/wp\/v2\/tags?post=578"}],"curies":[{"name":"wp","href":"https:\/\/api.w.org\/{rel}","templated":true}]}}