{"id":575,"date":"2017-11-06T13:44:23","date_gmt":"2017-11-06T12:44:23","guid":{"rendered":"http:\/\/beethoven.org.pl\/impresariat\/?p=575"},"modified":"2017-11-06T13:44:23","modified_gmt":"2017-11-06T12:44:23","slug":"krzysztof-ksiazek-i-agata-zubel-w-nospr","status":"publish","type":"post","link":"https:\/\/beethoven.org.pl\/impresariat\/2017\/11\/06\/krzysztof-ksiazek-i-agata-zubel-w-nospr\/","title":{"rendered":"Krzysztof Ksi\u0105\u017cek i Agata Zubel w NOSPR"},"content":{"rendered":"<p>Pianista Krzysztof Ksi\u0105\u017cek ju\u017c dzi\u015b wyst\u0105pi wraz z Agat\u0105 Zubel w siedzibie Narodowej Orkiestry Symfonicznej Polskiego Radia w Katowicach. Koncert odbywa si\u0119 w ramach wydarzenia\u00a0Dni Ravela, Szymanowskiego, Gershwina. W programie koncertu utwory wszystkich trzech kompozytor\u00f3w. Wi\u0119cej informacji i bilety:\u00a0<a href=\"http:\/\/www.nospr.org.pl\/pl\/koncerty\/972\/agata-zubel-piotr-orzechowski-krzysztof-ksiazek-dni-ravela-szymanowskiego-gershwina\">www.nospr.org.pl<\/a><\/p>\n<p>&nbsp;<\/p>","protected":false},"excerpt":{"rendered":"<p>Pianista Krzysztof Ksi\u0105\u017cek ju\u017c dzi\u015b wyst\u0105pi wraz z Agat\u0105 Zubel w siedzibie Narodowej Orkiestry Symfonicznej Polskiego Radia w Katowicach. Koncert odbywa si\u0119 w ramach wydarzenia\u00a0Dni Ravela, Szymanowskiego, Gershwina. W programie koncertu utwory wszystkich trzech kompozytor\u00f3w. Wi\u0119cej informacji i bilety:\u00a0www.nospr.org.pl &nbsp;<\/p>\n","protected":false},"author":2,"featured_media":0,"comment_status":"open","ping_status":"open","sticky":false,"template":"","format":"standard","meta":{"footnotes":""},"categories":[1],"tags":[],"class_list":["post-575","post","type-post","status-publish","format-standard","hentry","category-bez-kategorii"],"_links":{"self":[{"href":"https:\/\/beethoven.org.pl\/impresariat\/wp-json\/wp\/v2\/posts\/575","targetHints":{"allow":["GET"]}}],"collection":[{"href":"https:\/\/beethoven.org.pl\/impresariat\/wp-json\/wp\/v2\/posts"}],"about":[{"href":"https:\/\/beethoven.org.pl\/impresariat\/wp-json\/wp\/v2\/types\/post"}],"author":[{"embeddable":true,"href":"https:\/\/beethoven.org.pl\/impresariat\/wp-json\/wp\/v2\/users\/2"}],"replies":[{"embeddable":true,"href":"https:\/\/beethoven.org.pl\/impresariat\/wp-json\/wp\/v2\/comments?post=575"}],"version-history":[{"count":1,"href":"https:\/\/beethoven.org.pl\/impresariat\/wp-json\/wp\/v2\/posts\/575\/revisions"}],"predecessor-version":[{"id":577,"href":"https:\/\/beethoven.org.pl\/impresariat\/wp-json\/wp\/v2\/posts\/575\/revisions\/577"}],"wp:attachment":[{"href":"https:\/\/beethoven.org.pl\/impresariat\/wp-json\/wp\/v2\/media?parent=575"}],"wp:term":[{"taxonomy":"category","embeddable":true,"href":"https:\/\/beethoven.org.pl\/impresariat\/wp-json\/wp\/v2\/categories?post=575"},{"taxonomy":"post_tag","embeddable":true,"href":"https:\/\/beethoven.org.pl\/impresariat\/wp-json\/wp\/v2\/tags?post=575"}],"curies":[{"name":"wp","href":"https:\/\/api.w.org\/{rel}","templated":true}]}}