{"id":572,"date":"2017-11-03T13:42:34","date_gmt":"2017-11-03T12:42:34","guid":{"rendered":"http:\/\/beethoven.org.pl\/impresariat\/?p=572"},"modified":"2017-11-03T14:08:48","modified_gmt":"2017-11-03T13:08:48","slug":"lukasz-krupinski-w-tvp-kultura","status":"publish","type":"post","link":"https:\/\/beethoven.org.pl\/impresariat\/2017\/11\/03\/lukasz-krupinski-w-tvp-kultura\/","title":{"rendered":"\u0141ukasz Krupi\u0144ski w TVP Kultura"},"content":{"rendered":"<p>Ju\u017c w najbli\u017csz\u0105 niedziel\u0119 5 listopada o godz. 11.00 w TVP Kultura w ramach cyklu Scena Klasyczna film z udzia\u0142em pianisty \u0141ukasza Krupi\u0144skiego. Opr\u00f3cz recitalu chopinowskiego b\u0119dzie mo\u017cna obejrze\u0107 tak\u017ce wywiad z artyst\u0105. Zapraszamy!<\/p>","protected":false},"excerpt":{"rendered":"<p>Ju\u017c w najbli\u017csz\u0105 niedziel\u0119 5 listopada o godz. 11.00 w TVP Kultura w ramach cyklu Scena Klasyczna film z udzia\u0142em pianisty \u0141ukasza Krupi\u0144skiego. Opr\u00f3cz recitalu chopinowskiego b\u0119dzie mo\u017cna obejrze\u0107 tak\u017ce wywiad z artyst\u0105. Zapraszamy!<\/p>\n","protected":false},"author":2,"featured_media":0,"comment_status":"open","ping_status":"open","sticky":false,"template":"","format":"standard","meta":{"footnotes":""},"categories":[1],"tags":[],"class_list":["post-572","post","type-post","status-publish","format-standard","hentry","category-bez-kategorii"],"_links":{"self":[{"href":"https:\/\/beethoven.org.pl\/impresariat\/wp-json\/wp\/v2\/posts\/572","targetHints":{"allow":["GET"]}}],"collection":[{"href":"https:\/\/beethoven.org.pl\/impresariat\/wp-json\/wp\/v2\/posts"}],"about":[{"href":"https:\/\/beethoven.org.pl\/impresariat\/wp-json\/wp\/v2\/types\/post"}],"author":[{"embeddable":true,"href":"https:\/\/beethoven.org.pl\/impresariat\/wp-json\/wp\/v2\/users\/2"}],"replies":[{"embeddable":true,"href":"https:\/\/beethoven.org.pl\/impresariat\/wp-json\/wp\/v2\/comments?post=572"}],"version-history":[{"count":1,"href":"https:\/\/beethoven.org.pl\/impresariat\/wp-json\/wp\/v2\/posts\/572\/revisions"}],"predecessor-version":[{"id":574,"href":"https:\/\/beethoven.org.pl\/impresariat\/wp-json\/wp\/v2\/posts\/572\/revisions\/574"}],"wp:attachment":[{"href":"https:\/\/beethoven.org.pl\/impresariat\/wp-json\/wp\/v2\/media?parent=572"}],"wp:term":[{"taxonomy":"category","embeddable":true,"href":"https:\/\/beethoven.org.pl\/impresariat\/wp-json\/wp\/v2\/categories?post=572"},{"taxonomy":"post_tag","embeddable":true,"href":"https:\/\/beethoven.org.pl\/impresariat\/wp-json\/wp\/v2\/tags?post=572"}],"curies":[{"name":"wp","href":"https:\/\/api.w.org\/{rel}","templated":true}]}}