{"id":561,"date":"2017-10-27T14:21:17","date_gmt":"2017-10-27T12:21:17","guid":{"rendered":"http:\/\/beethoven.org.pl\/impresariat\/?p=561"},"modified":"2017-10-27T14:32:27","modified_gmt":"2017-10-27T12:32:27","slug":"mistrzowie-wiolinistyki-z-zielonej-gorze","status":"publish","type":"post","link":"https:\/\/beethoven.org.pl\/impresariat\/2017\/10\/27\/mistrzowie-wiolinistyki-z-zielonej-gorze\/","title":{"rendered":"Mistrzowie wiolinistyki w Zielonej G\u00f3rze"},"content":{"rendered":"<p>Dzi\u015b wyj\u0105tkowa gratka dla mi\u0142o\u015bnik\u00f3w muzyki skrzypcowej. W Filharmonii Zielonog\u00f3rskiej im. Tadeusza Bairda o godz. 19.00 podczas koncertu \u201eMistrzowie wiolinistyki\u201d b\u0119dzie mo\u017cna us\u0142ysze\u0107 a\u017c trzech skrzypk\u00f3w w trzech r\u00f3\u017cnych utworach na skrzypce i orkiestr\u0119. W\u015br\u00f3d nich wyst\u0105pi\u00a0Aleksandra Kuls reprezentowana przez Stowarzyszenie im. Ludwiga van Beethovena, kt\u00f3ra wykona Koncert skrzypcowy A-dur Mieczys\u0142awa Kar\u0142owicza.<\/p>\n<p>Publiczno\u015b\u0107 b\u0119dzie mog\u0142a tak\u017ce wys\u0142ucha\u0107 wyst\u0119p\u00f3w\u00a0Bartosza Bry\u0142y oraz Amelii Maszo\u0144skiej oraz wiolonczelistki Alicji Kozak, kt\u00f3ra wykona Koncert wiolonczelowy D-dur J\u00f3zefa Haydna.<\/p>\n<p>Ca\u0142o\u015b\u0107 koncertu poprowadzi maestro Pawe\u0142 Kapu\u0142a.<\/p>\n<p>Wi\u0119cej informacji o koncercie na:<\/p>\n<p><a href=\"http:\/\/filharmoniazg.pl\/promocyjna-cena-biletow-na-koncert\/\">http:\/\/filharmoniazg.pl\/promocyjna-cena-biletow-na-koncert\/<\/a><\/p>","protected":false},"excerpt":{"rendered":"<p>Dzi\u015b wyj\u0105tkowa gratka dla mi\u0142o\u015bnik\u00f3w muzyki skrzypcowej. W Filharmonii Zielonog\u00f3rskiej im. Tadeusza Bairda o godz. 19.00 podczas koncertu \u201eMistrzowie wiolinistyki\u201d b\u0119dzie mo\u017cna us\u0142ysze\u0107 a\u017c trzech skrzypk\u00f3w w trzech r\u00f3\u017cnych utworach na skrzypce i orkiestr\u0119. W\u015br\u00f3d nich wyst\u0105pi\u00a0Aleksandra Kuls reprezentowana przez Stowarzyszenie im. Ludwiga van Beethovena, kt\u00f3ra wykona Koncert skrzypcowy A-dur Mieczys\u0142awa Kar\u0142owicza. Publiczno\u015b\u0107 b\u0119dzie mog\u0142a [&hellip;]<\/p>\n","protected":false},"author":2,"featured_media":0,"comment_status":"open","ping_status":"open","sticky":false,"template":"","format":"standard","meta":{"footnotes":""},"categories":[1],"tags":[],"class_list":["post-561","post","type-post","status-publish","format-standard","hentry","category-bez-kategorii"],"_links":{"self":[{"href":"https:\/\/beethoven.org.pl\/impresariat\/wp-json\/wp\/v2\/posts\/561","targetHints":{"allow":["GET"]}}],"collection":[{"href":"https:\/\/beethoven.org.pl\/impresariat\/wp-json\/wp\/v2\/posts"}],"about":[{"href":"https:\/\/beethoven.org.pl\/impresariat\/wp-json\/wp\/v2\/types\/post"}],"author":[{"embeddable":true,"href":"https:\/\/beethoven.org.pl\/impresariat\/wp-json\/wp\/v2\/users\/2"}],"replies":[{"embeddable":true,"href":"https:\/\/beethoven.org.pl\/impresariat\/wp-json\/wp\/v2\/comments?post=561"}],"version-history":[{"count":2,"href":"https:\/\/beethoven.org.pl\/impresariat\/wp-json\/wp\/v2\/posts\/561\/revisions"}],"predecessor-version":[{"id":564,"href":"https:\/\/beethoven.org.pl\/impresariat\/wp-json\/wp\/v2\/posts\/561\/revisions\/564"}],"wp:attachment":[{"href":"https:\/\/beethoven.org.pl\/impresariat\/wp-json\/wp\/v2\/media?parent=561"}],"wp:term":[{"taxonomy":"category","embeddable":true,"href":"https:\/\/beethoven.org.pl\/impresariat\/wp-json\/wp\/v2\/categories?post=561"},{"taxonomy":"post_tag","embeddable":true,"href":"https:\/\/beethoven.org.pl\/impresariat\/wp-json\/wp\/v2\/tags?post=561"}],"curies":[{"name":"wp","href":"https:\/\/api.w.org\/{rel}","templated":true}]}}