{"id":553,"date":"2017-10-17T12:20:15","date_gmt":"2017-10-17T10:20:15","guid":{"rendered":"http:\/\/beethoven.org.pl\/impresariat\/?p=553"},"modified":"2017-10-25T10:31:31","modified_gmt":"2017-10-25T08:31:31","slug":"natalia-rubis-i-dawid-runtz-w-warszawie","status":"publish","type":"post","link":"https:\/\/beethoven.org.pl\/impresariat\/2017\/10\/17\/natalia-rubis-i-dawid-runtz-w-warszawie\/","title":{"rendered":"Natalia Rubi\u015b i Dawid Runtz w Warszawie"},"content":{"rendered":"<p>Ju\u017c dzi\u015b w Bazylice \u015bw. Krzy\u017ca w Warszawie wyst\u0105pi\u0105 arty\u015bci reprezentowani przez Stowarzyszenie im. Ludwiga van Beethovena \u2013 Natalia Rubi\u015b i Dawid Runtz. Koncert zorganizowany zostanie w ramach obchod\u00f3w 168. rocznicy \u015bmierci Fryderyka Chopina. Podczas uroczysto\u015bci pogrzebowych w ko\u015bciele \u015bw. Magdaleny w Pary\u017cu 30 pa\u017adziernika 1849 roku zgodnie z \u017cyczeniem Fryderyka Chopina zabrzmia\u0142o Requiem d-moll KV 626 W. A. Mozarta. Publiczno\u015b\u0107 wys\u0142ucha go tak\u017ce dzi\u015b, tym razem w wykonaniu Sinfonii Varsovii, Collegium Vocale 1704, a tak\u017ce takich solist\u00f3w jak Natalia Rubi\u015b,\u00a0Ingeborg Danz, Robert Getchell oraz Matthew Brook. Ca\u0142o\u015bci\u0105 zadyryguje Dawid Runtz.<\/p>\n<p>Koncert rozpocznie si\u0119 o godz. 20:00. Wst\u0119p wolny.<\/p>\n<p>Wi\u0119cej informacji: <a href=\"http:\/\/pl.chopin.nifc.pl\/institute\/\">http:\/\/pl.chopin.nifc.pl\/institute\/<\/a><\/p>","protected":false},"excerpt":{"rendered":"<p>Ju\u017c dzi\u015b w Bazylice \u015bw. Krzy\u017ca w Warszawie wyst\u0105pi\u0105 arty\u015bci reprezentowani przez Stowarzyszenie im. Ludwiga van Beethovena \u2013 Natalia Rubi\u015b i Dawid Runtz. Koncert zorganizowany zostanie w ramach obchod\u00f3w 168. rocznicy \u015bmierci Fryderyka Chopina. Podczas uroczysto\u015bci pogrzebowych w ko\u015bciele \u015bw. Magdaleny w Pary\u017cu 30 pa\u017adziernika 1849 roku zgodnie z \u017cyczeniem Fryderyka Chopina zabrzmia\u0142o Requiem d-moll [&hellip;]<\/p>\n","protected":false},"author":2,"featured_media":0,"comment_status":"open","ping_status":"open","sticky":false,"template":"","format":"standard","meta":{"footnotes":""},"categories":[1],"tags":[],"class_list":["post-553","post","type-post","status-publish","format-standard","hentry","category-bez-kategorii"],"_links":{"self":[{"href":"https:\/\/beethoven.org.pl\/impresariat\/wp-json\/wp\/v2\/posts\/553","targetHints":{"allow":["GET"]}}],"collection":[{"href":"https:\/\/beethoven.org.pl\/impresariat\/wp-json\/wp\/v2\/posts"}],"about":[{"href":"https:\/\/beethoven.org.pl\/impresariat\/wp-json\/wp\/v2\/types\/post"}],"author":[{"embeddable":true,"href":"https:\/\/beethoven.org.pl\/impresariat\/wp-json\/wp\/v2\/users\/2"}],"replies":[{"embeddable":true,"href":"https:\/\/beethoven.org.pl\/impresariat\/wp-json\/wp\/v2\/comments?post=553"}],"version-history":[{"count":1,"href":"https:\/\/beethoven.org.pl\/impresariat\/wp-json\/wp\/v2\/posts\/553\/revisions"}],"predecessor-version":[{"id":555,"href":"https:\/\/beethoven.org.pl\/impresariat\/wp-json\/wp\/v2\/posts\/553\/revisions\/555"}],"wp:attachment":[{"href":"https:\/\/beethoven.org.pl\/impresariat\/wp-json\/wp\/v2\/media?parent=553"}],"wp:term":[{"taxonomy":"category","embeddable":true,"href":"https:\/\/beethoven.org.pl\/impresariat\/wp-json\/wp\/v2\/categories?post=553"},{"taxonomy":"post_tag","embeddable":true,"href":"https:\/\/beethoven.org.pl\/impresariat\/wp-json\/wp\/v2\/tags?post=553"}],"curies":[{"name":"wp","href":"https:\/\/api.w.org\/{rel}","templated":true}]}}