{"id":549,"date":"2017-10-13T16:03:19","date_gmt":"2017-10-13T14:03:19","guid":{"rendered":"http:\/\/beethoven.org.pl\/impresariat\/?p=549"},"modified":"2017-10-17T12:22:06","modified_gmt":"2017-10-17T10:22:06","slug":"aleksandra-swigut-w-nohant","status":"publish","type":"post","link":"https:\/\/beethoven.org.pl\/impresariat\/2017\/10\/13\/aleksandra-swigut-w-nohant\/","title":{"rendered":"Aleksandra \u015awigut w Nohant"},"content":{"rendered":"<p>W najbli\u017cszy poniedzia\u0142ek (16 pa\u017adziernika) w Nohant (miejscu zwi\u0105zanym z Fryderykiem Chopinem i \u00a0George&#8217;a Sand )odb\u0119dzie si\u0119 Nuit Chopin 2017. W rocznic\u0119 \u015bmierci Chopina trzech pianist\u00f3w wykona utwory kompozytora. Artystk\u0105 reprezentuj\u0105c\u0105 Polsk\u0119 b\u0119dzie Aleksandra \u015awigut.\u00a0 W jej wykonaniu publiczno\u015b\u0107 wys\u0142ucha takich utwor\u00f3w jak Nokturny z op. 27, Ballada F-dur op. 38, Scherzo E-dur i Mazurki z op. 6. Wsp\u00f3\u0142organizatorem koncertu jest Narodowy Instytut Fryderyka Chopina.<\/p>\n<p>Wi\u0119cej informacji o wydarzeniu:<\/p>\n<p><a href=\"https:\/\/festivalnohant.com\/event\/la-nuit-chopin-2017\/\">https:\/\/festivalnohant.com\/event\/la-nuit-chopin-2017\/<\/a><\/p>","protected":false},"excerpt":{"rendered":"<p>W najbli\u017cszy poniedzia\u0142ek (16 pa\u017adziernika) w Nohant (miejscu zwi\u0105zanym z Fryderykiem Chopinem i \u00a0George&#8217;a Sand )odb\u0119dzie si\u0119 Nuit Chopin 2017. W rocznic\u0119 \u015bmierci Chopina trzech pianist\u00f3w wykona utwory kompozytora. Artystk\u0105 reprezentuj\u0105c\u0105 Polsk\u0119 b\u0119dzie Aleksandra \u015awigut.\u00a0 W jej wykonaniu publiczno\u015b\u0107 wys\u0142ucha takich utwor\u00f3w jak Nokturny z op. 27, Ballada F-dur op. 38, Scherzo E-dur i Mazurki [&hellip;]<\/p>\n","protected":false},"author":2,"featured_media":0,"comment_status":"open","ping_status":"open","sticky":false,"template":"","format":"standard","meta":{"footnotes":""},"categories":[1],"tags":[],"class_list":["post-549","post","type-post","status-publish","format-standard","hentry","category-bez-kategorii"],"_links":{"self":[{"href":"https:\/\/beethoven.org.pl\/impresariat\/wp-json\/wp\/v2\/posts\/549","targetHints":{"allow":["GET"]}}],"collection":[{"href":"https:\/\/beethoven.org.pl\/impresariat\/wp-json\/wp\/v2\/posts"}],"about":[{"href":"https:\/\/beethoven.org.pl\/impresariat\/wp-json\/wp\/v2\/types\/post"}],"author":[{"embeddable":true,"href":"https:\/\/beethoven.org.pl\/impresariat\/wp-json\/wp\/v2\/users\/2"}],"replies":[{"embeddable":true,"href":"https:\/\/beethoven.org.pl\/impresariat\/wp-json\/wp\/v2\/comments?post=549"}],"version-history":[{"count":1,"href":"https:\/\/beethoven.org.pl\/impresariat\/wp-json\/wp\/v2\/posts\/549\/revisions"}],"predecessor-version":[{"id":550,"href":"https:\/\/beethoven.org.pl\/impresariat\/wp-json\/wp\/v2\/posts\/549\/revisions\/550"}],"wp:attachment":[{"href":"https:\/\/beethoven.org.pl\/impresariat\/wp-json\/wp\/v2\/media?parent=549"}],"wp:term":[{"taxonomy":"category","embeddable":true,"href":"https:\/\/beethoven.org.pl\/impresariat\/wp-json\/wp\/v2\/categories?post=549"},{"taxonomy":"post_tag","embeddable":true,"href":"https:\/\/beethoven.org.pl\/impresariat\/wp-json\/wp\/v2\/tags?post=549"}],"curies":[{"name":"wp","href":"https:\/\/api.w.org\/{rel}","templated":true}]}}