{"id":540,"date":"2017-10-06T13:13:48","date_gmt":"2017-10-06T11:13:48","guid":{"rendered":"http:\/\/beethoven.org.pl\/impresariat\/?p=540"},"modified":"2017-10-12T13:41:13","modified_gmt":"2017-10-12T11:41:13","slug":"siedem-bram-jerozolimy-na-yuri-bashmet-international-music-festival","status":"publish","type":"post","link":"https:\/\/beethoven.org.pl\/impresariat\/2017\/10\/06\/siedem-bram-jerozolimy-na-yuri-bashmet-international-music-festival\/","title":{"rendered":"Siedem bram Jerozolimy na Yuri Bashmet International Music Festival"},"content":{"rendered":"<p>Krzysztof Penderecki wyst\u0105pi 7 pa\u017adziernika o godz. 19:00 podczas Yuri Bashmet International Music Festival organizowanym w Bia\u0142orusi. Maestro poprowadzi m.in. swoje monumentalne dzie\u0142o <em>Siedem bram Jerozolim, <\/em>kt\u00f3re tym razem zabrzmi w wykonaniu Pa\u0144stwowej Akademickiej Orkiestry Symfonicznej Republiki Bia\u0142orusi, Pa\u0144stwowych Ch\u00f3r\u00f3w Akademickich oraz Pa\u0144stwowego Ch\u00f3ru Kameralnego Republiki Bia\u0142orusi . Jako soli\u015bci wyst\u0105pi\u0105 Iwona Hossa, Karolina Sikora, Anna Luba\u0144ska, Adam Zdunikowski, Piotr Nowacki i S\u0142awomir Holland. Tego wieczoru zgromadzona publiczno\u015b\u0107 wys\u0142ucha tak\u017ce innego utworu Krzysztofa Pendereckiego \u00a0&#8211; Koncertu fortepianowego \u201eZmartwychwstanie\u201d. Za fortepianem zasi\u0105dzie Rostislav Krimer. Wi\u0119cej informacji o wydarzeniu:<\/p>\n<p><a href=\"http:\/\/www.bashmet-festival.com\/eng\/archiv\/~show\/17777\">www.bashmet-festival.com<\/a><\/p>","protected":false},"excerpt":{"rendered":"<p>Krzysztof Penderecki wyst\u0105pi 7 pa\u017adziernika o godz. 19:00 podczas Yuri Bashmet International Music Festival organizowanym w Bia\u0142orusi. Maestro poprowadzi m.in. swoje monumentalne dzie\u0142o Siedem bram Jerozolim, kt\u00f3re tym razem zabrzmi w wykonaniu Pa\u0144stwowej Akademickiej Orkiestry Symfonicznej Republiki Bia\u0142orusi, Pa\u0144stwowych Ch\u00f3r\u00f3w Akademickich oraz Pa\u0144stwowego Ch\u00f3ru Kameralnego Republiki Bia\u0142orusi . Jako soli\u015bci wyst\u0105pi\u0105 Iwona Hossa, Karolina Sikora, [&hellip;]<\/p>\n","protected":false},"author":2,"featured_media":0,"comment_status":"open","ping_status":"open","sticky":false,"template":"","format":"standard","meta":{"footnotes":""},"categories":[1],"tags":[],"class_list":["post-540","post","type-post","status-publish","format-standard","hentry","category-bez-kategorii"],"_links":{"self":[{"href":"https:\/\/beethoven.org.pl\/impresariat\/wp-json\/wp\/v2\/posts\/540","targetHints":{"allow":["GET"]}}],"collection":[{"href":"https:\/\/beethoven.org.pl\/impresariat\/wp-json\/wp\/v2\/posts"}],"about":[{"href":"https:\/\/beethoven.org.pl\/impresariat\/wp-json\/wp\/v2\/types\/post"}],"author":[{"embeddable":true,"href":"https:\/\/beethoven.org.pl\/impresariat\/wp-json\/wp\/v2\/users\/2"}],"replies":[{"embeddable":true,"href":"https:\/\/beethoven.org.pl\/impresariat\/wp-json\/wp\/v2\/comments?post=540"}],"version-history":[{"count":1,"href":"https:\/\/beethoven.org.pl\/impresariat\/wp-json\/wp\/v2\/posts\/540\/revisions"}],"predecessor-version":[{"id":542,"href":"https:\/\/beethoven.org.pl\/impresariat\/wp-json\/wp\/v2\/posts\/540\/revisions\/542"}],"wp:attachment":[{"href":"https:\/\/beethoven.org.pl\/impresariat\/wp-json\/wp\/v2\/media?parent=540"}],"wp:term":[{"taxonomy":"category","embeddable":true,"href":"https:\/\/beethoven.org.pl\/impresariat\/wp-json\/wp\/v2\/categories?post=540"},{"taxonomy":"post_tag","embeddable":true,"href":"https:\/\/beethoven.org.pl\/impresariat\/wp-json\/wp\/v2\/tags?post=540"}],"curies":[{"name":"wp","href":"https:\/\/api.w.org\/{rel}","templated":true}]}}