{"id":534,"date":"2017-10-03T12:41:40","date_gmt":"2017-10-03T10:41:40","guid":{"rendered":"http:\/\/beethoven.org.pl\/impresariat\/?p=534"},"modified":"2017-10-03T12:43:04","modified_gmt":"2017-10-03T10:43:04","slug":"karolina-jaroszewska-w-polin","status":"publish","type":"post","link":"https:\/\/beethoven.org.pl\/impresariat\/2017\/10\/03\/karolina-jaroszewska-w-polin\/","title":{"rendered":"Karolina Jaroszewska w POLIN"},"content":{"rendered":"<p>Ju\u017c dzi\u015b (3 pa\u017adziernika) Karolina Jaroszewska wyst\u0105pi w\u00a0Muzeum Historii \u017byd\u00f3w Polskich POLIN. Artystka\u00a0wykona Koncert podw\u00f3jny na skrzypce i wiolonczel\u0119 Jana Radzy\u0144skiego wraz z Orkiestr\u0105 Kameraln\u0105 Polskiego Radia &#8222;Amadeus&#8221;.\u00a0\u00a0Tego wieczoru jako soli\u015bci wyst\u0105pi\u0105 r\u00f3wnie\u017c David Radzy\u0144ski (skrzypce) oraz\u00a0Ingolf Wunder (fortepian), kt\u00f3ry wykona\u00a0I Koncert fortepianowy e-moll op. 11. Ca\u0142o\u015bci\u0105 zadyryguje Agnieszka Duczmal.<\/p>\n<p>Wi\u0119cej informacji i bilety:\u00a0\u00a0<a href=\"http:\/\/www.polin.pl\/pl\/wydarzenie\/orkiestra-kameralna-polskiego-radia-amadeus\">www.polin.pl<\/a><\/p>\n<p>&nbsp;<\/p>","protected":false},"excerpt":{"rendered":"<p>Ju\u017c dzi\u015b (3 pa\u017adziernika) Karolina Jaroszewska wyst\u0105pi w\u00a0Muzeum Historii \u017byd\u00f3w Polskich POLIN. Artystka\u00a0wykona Koncert podw\u00f3jny na skrzypce i wiolonczel\u0119 Jana Radzy\u0144skiego wraz z Orkiestr\u0105 Kameraln\u0105 Polskiego Radia &#8222;Amadeus&#8221;.\u00a0\u00a0Tego wieczoru jako soli\u015bci wyst\u0105pi\u0105 r\u00f3wnie\u017c David Radzy\u0144ski (skrzypce) oraz\u00a0Ingolf Wunder (fortepian), kt\u00f3ry wykona\u00a0I Koncert fortepianowy e-moll op. 11. Ca\u0142o\u015bci\u0105 zadyryguje Agnieszka Duczmal. Wi\u0119cej informacji i bilety:\u00a0\u00a0www.polin.pl &nbsp;<\/p>\n","protected":false},"author":2,"featured_media":0,"comment_status":"open","ping_status":"open","sticky":false,"template":"","format":"standard","meta":{"footnotes":""},"categories":[1],"tags":[],"class_list":["post-534","post","type-post","status-publish","format-standard","hentry","category-bez-kategorii"],"_links":{"self":[{"href":"https:\/\/beethoven.org.pl\/impresariat\/wp-json\/wp\/v2\/posts\/534","targetHints":{"allow":["GET"]}}],"collection":[{"href":"https:\/\/beethoven.org.pl\/impresariat\/wp-json\/wp\/v2\/posts"}],"about":[{"href":"https:\/\/beethoven.org.pl\/impresariat\/wp-json\/wp\/v2\/types\/post"}],"author":[{"embeddable":true,"href":"https:\/\/beethoven.org.pl\/impresariat\/wp-json\/wp\/v2\/users\/2"}],"replies":[{"embeddable":true,"href":"https:\/\/beethoven.org.pl\/impresariat\/wp-json\/wp\/v2\/comments?post=534"}],"version-history":[{"count":1,"href":"https:\/\/beethoven.org.pl\/impresariat\/wp-json\/wp\/v2\/posts\/534\/revisions"}],"predecessor-version":[{"id":535,"href":"https:\/\/beethoven.org.pl\/impresariat\/wp-json\/wp\/v2\/posts\/534\/revisions\/535"}],"wp:attachment":[{"href":"https:\/\/beethoven.org.pl\/impresariat\/wp-json\/wp\/v2\/media?parent=534"}],"wp:term":[{"taxonomy":"category","embeddable":true,"href":"https:\/\/beethoven.org.pl\/impresariat\/wp-json\/wp\/v2\/categories?post=534"},{"taxonomy":"post_tag","embeddable":true,"href":"https:\/\/beethoven.org.pl\/impresariat\/wp-json\/wp\/v2\/tags?post=534"}],"curies":[{"name":"wp","href":"https:\/\/api.w.org\/{rel}","templated":true}]}}