{"id":521,"date":"2017-09-14T15:02:20","date_gmt":"2017-09-14T13:02:20","guid":{"rendered":"http:\/\/beethoven.org.pl\/impresariat\/?p=521"},"modified":"2017-09-15T13:44:58","modified_gmt":"2017-09-15T11:44:58","slug":"lukasz-krupinski-w-andaluzji","status":"publish","type":"post","link":"https:\/\/beethoven.org.pl\/impresariat\/2017\/09\/14\/lukasz-krupinski-w-andaluzji\/","title":{"rendered":"\u0141ukasz Krupi\u0144ski w Andaluzji"},"content":{"rendered":"<p>\u0141ukasz Krupi\u0144ski zwyci\u0119zca Mi\u0119dzynarodowego Konkursu Pianistycznego w San Marino, wyst\u0105pi w najbli\u017csz\u0105 sobot\u0119 16 wrze\u015bnia na wyj\u0105tkowym koncercie w Marbelli w po\u0142udniowej Hiszpanii. Arty\u015bcie w czasie koncertu b\u0119dzie towarzyszy\u0107 Miguel Colom (skrzypce) i Manuel Escauriaza (waltornia). W programie us\u0142yszymy solowe utwory Fryderyka Chopina, Aleksandra Scriabina oraz Trio Brahmsa.\u00a0Bilety na koncert s\u0105 ju\u017c od dw\u00f3ch tygodni wyprzedane. Zapraszamy r\u00f3wnie\u017c na pozosta\u0142e koncerty pianisty.<\/p>\n<p>&nbsp;<\/p>","protected":false},"excerpt":{"rendered":"<p>\u0141ukasz Krupi\u0144ski zwyci\u0119zca Mi\u0119dzynarodowego Konkursu Pianistycznego w San Marino, wyst\u0105pi w najbli\u017csz\u0105 sobot\u0119 16 wrze\u015bnia na wyj\u0105tkowym koncercie w Marbelli w po\u0142udniowej Hiszpanii. Arty\u015bcie w czasie koncertu b\u0119dzie towarzyszy\u0107 Miguel Colom (skrzypce) i Manuel Escauriaza (waltornia). W programie us\u0142yszymy solowe utwory Fryderyka Chopina, Aleksandra Scriabina oraz Trio Brahmsa.\u00a0Bilety na koncert s\u0105 ju\u017c od dw\u00f3ch tygodni [&hellip;]<\/p>\n","protected":false},"author":2,"featured_media":0,"comment_status":"open","ping_status":"open","sticky":false,"template":"","format":"standard","meta":{"footnotes":""},"categories":[1],"tags":[],"class_list":["post-521","post","type-post","status-publish","format-standard","hentry","category-bez-kategorii"],"_links":{"self":[{"href":"https:\/\/beethoven.org.pl\/impresariat\/wp-json\/wp\/v2\/posts\/521","targetHints":{"allow":["GET"]}}],"collection":[{"href":"https:\/\/beethoven.org.pl\/impresariat\/wp-json\/wp\/v2\/posts"}],"about":[{"href":"https:\/\/beethoven.org.pl\/impresariat\/wp-json\/wp\/v2\/types\/post"}],"author":[{"embeddable":true,"href":"https:\/\/beethoven.org.pl\/impresariat\/wp-json\/wp\/v2\/users\/2"}],"replies":[{"embeddable":true,"href":"https:\/\/beethoven.org.pl\/impresariat\/wp-json\/wp\/v2\/comments?post=521"}],"version-history":[{"count":1,"href":"https:\/\/beethoven.org.pl\/impresariat\/wp-json\/wp\/v2\/posts\/521\/revisions"}],"predecessor-version":[{"id":523,"href":"https:\/\/beethoven.org.pl\/impresariat\/wp-json\/wp\/v2\/posts\/521\/revisions\/523"}],"wp:attachment":[{"href":"https:\/\/beethoven.org.pl\/impresariat\/wp-json\/wp\/v2\/media?parent=521"}],"wp:term":[{"taxonomy":"category","embeddable":true,"href":"https:\/\/beethoven.org.pl\/impresariat\/wp-json\/wp\/v2\/categories?post=521"},{"taxonomy":"post_tag","embeddable":true,"href":"https:\/\/beethoven.org.pl\/impresariat\/wp-json\/wp\/v2\/tags?post=521"}],"curies":[{"name":"wp","href":"https:\/\/api.w.org\/{rel}","templated":true}]}}