{"id":508,"date":"2017-08-25T12:33:20","date_gmt":"2017-08-25T10:33:20","guid":{"rendered":"http:\/\/beethoven.org.pl\/impresariat\/?p=508"},"modified":"2017-08-25T12:34:20","modified_gmt":"2017-08-25T10:34:20","slug":"mistrzowskie-wieczory-w-centrum-paderewskiego-na-zakonczenie-wakacji","status":"publish","type":"post","link":"https:\/\/beethoven.org.pl\/impresariat\/2017\/08\/25\/mistrzowskie-wieczory-w-centrum-paderewskiego-na-zakonczenie-wakacji\/","title":{"rendered":"Mistrzowskie wieczory w Centrum Paderewskiego na zako\u0144czenie wakacji"},"content":{"rendered":"<p>W ostatnie dni wakacji Centrum Paderewskiego w K\u0105\u015bnej Dolnej zaprasza na Festiwal Mistrzowskie Wieczory. Tegoroczna edycja wydarzenia odb\u0119dzie si\u0119 w dniach 24 \u2013 26 sierpnia. Ju\u017c dzi\u015b zapraszamy serdecznie na koncert z udzia\u0142em pianisty Marka Brachy.. Artysta zagra w doborowym towarzystwie Kwintetu \u015al\u0105skich Kameralist\u00f3w. W programie utwory Paderewskiego i Mozarta.<\/p>","protected":false},"excerpt":{"rendered":"<p>W ostatnie dni wakacji Centrum Paderewskiego w K\u0105\u015bnej Dolnej zaprasza na Festiwal Mistrzowskie Wieczory. Tegoroczna edycja wydarzenia odb\u0119dzie si\u0119 w dniach 24 \u2013 26 sierpnia. Ju\u017c dzi\u015b zapraszamy serdecznie na koncert z udzia\u0142em pianisty Marka Brachy.. Artysta zagra w doborowym towarzystwie Kwintetu \u015al\u0105skich Kameralist\u00f3w. W programie utwory Paderewskiego i Mozarta.<\/p>\n","protected":false},"author":2,"featured_media":0,"comment_status":"open","ping_status":"open","sticky":false,"template":"","format":"standard","meta":{"footnotes":""},"categories":[1],"tags":[],"class_list":["post-508","post","type-post","status-publish","format-standard","hentry","category-bez-kategorii"],"_links":{"self":[{"href":"https:\/\/beethoven.org.pl\/impresariat\/wp-json\/wp\/v2\/posts\/508","targetHints":{"allow":["GET"]}}],"collection":[{"href":"https:\/\/beethoven.org.pl\/impresariat\/wp-json\/wp\/v2\/posts"}],"about":[{"href":"https:\/\/beethoven.org.pl\/impresariat\/wp-json\/wp\/v2\/types\/post"}],"author":[{"embeddable":true,"href":"https:\/\/beethoven.org.pl\/impresariat\/wp-json\/wp\/v2\/users\/2"}],"replies":[{"embeddable":true,"href":"https:\/\/beethoven.org.pl\/impresariat\/wp-json\/wp\/v2\/comments?post=508"}],"version-history":[{"count":1,"href":"https:\/\/beethoven.org.pl\/impresariat\/wp-json\/wp\/v2\/posts\/508\/revisions"}],"predecessor-version":[{"id":509,"href":"https:\/\/beethoven.org.pl\/impresariat\/wp-json\/wp\/v2\/posts\/508\/revisions\/509"}],"wp:attachment":[{"href":"https:\/\/beethoven.org.pl\/impresariat\/wp-json\/wp\/v2\/media?parent=508"}],"wp:term":[{"taxonomy":"category","embeddable":true,"href":"https:\/\/beethoven.org.pl\/impresariat\/wp-json\/wp\/v2\/categories?post=508"},{"taxonomy":"post_tag","embeddable":true,"href":"https:\/\/beethoven.org.pl\/impresariat\/wp-json\/wp\/v2\/tags?post=508"}],"curies":[{"name":"wp","href":"https:\/\/api.w.org\/{rel}","templated":true}]}}