{"id":502,"date":"2017-08-23T14:22:03","date_gmt":"2017-08-23T12:22:03","guid":{"rendered":"http:\/\/beethoven.org.pl\/impresariat\/?p=502"},"modified":"2017-08-23T14:26:06","modified_gmt":"2017-08-23T12:26:06","slug":"aleksandra-kuls-i-krzysztof-ksiazek-w-bazylice-sw-krzyza-w-warszawie","status":"publish","type":"post","link":"https:\/\/beethoven.org.pl\/impresariat\/2017\/08\/23\/aleksandra-kuls-i-krzysztof-ksiazek-w-bazylice-sw-krzyza-w-warszawie\/","title":{"rendered":"Aleksandra Kuls i Krzysztof Ksi\u0105\u017cek na Festiwalu Chopin i Jego Europa"},"content":{"rendered":"<p>W cyklu koncert\u00f3w w Bazylice \u015bw. Krzy\u017ca w Warszawie w ramach trwaj\u0105cego Mi\u0119dzynarodowego Festiwalu Chopin i Jego Europa, wyst\u0105pi\u0105 kolejni arty\u015bci reprezentowani przez nasze stowarzyszenie.<\/p>\n<p>W czwartek o g. 22.00 przy fortepianie historycznym zasi\u0105dzie Aleksandra \u015awigut, artystka kt\u00f3rej zainteresowania obejmuj\u0119 nie tylko historyczne fortepiany, ale i klawesyn. \u00a0Tego wieczoru wykona kompozycje Fryderyka Chopina \u2013 \u00a0Nokturny op. 27, Ballad\u0119 F-dur op. 38, Mazurki op. 6 oraz Scherzo F-dur op. 54.<\/p>\n<p>Kolejnego wieczoru us\u0142yszymy Krzysztofa Ksi\u0105\u017cka, kt\u00f3ry znakomity recital na fortepianie historycznym da\u0142 ju\u017c w Bazylice \u015bw. Krzy\u017ca podczas zesz\u0142orocznego festiwalu. Artysta znany z wykona\u0144 utwor\u00f3w Fryderyka Chopina, zaprezentuje m. in. Mazurki op. 7 oraz Poloneza fis-moll\u00a0op. 44.<\/p>\n<p>Wi\u0119cej informacji o koncertach:<\/p>\n<p><a href=\"http:\/\/pl.chopin.nifc.pl\/festival\/edition2017\/concerts\/day\/13\">http:\/\/pl.chopin.nifc.pl\/festival\/edition2017\/concerts\/day\/13<\/a><\/p>\n<p><a href=\"http:\/\/pl.chopin.nifc.pl\/festival\/edition2017\/concerts\/day\/14\">http:\/\/pl.chopin.nifc.pl\/festival\/edition2017\/concerts\/day\/14<\/a><\/p>\n<p>&nbsp;<\/p>\n<p>&nbsp;<\/p>\n<h3><\/h3>\n<h3><\/h3>\n<p><\/p>","protected":false},"excerpt":{"rendered":"<p>W cyklu koncert\u00f3w w Bazylice \u015bw. Krzy\u017ca w Warszawie w ramach trwaj\u0105cego Mi\u0119dzynarodowego Festiwalu Chopin i Jego Europa, wyst\u0105pi\u0105 kolejni arty\u015bci reprezentowani przez nasze stowarzyszenie. W czwartek o g. 22.00 przy fortepianie historycznym zasi\u0105dzie Aleksandra \u015awigut, artystka kt\u00f3rej zainteresowania obejmuj\u0119 nie tylko historyczne fortepiany, ale i klawesyn. \u00a0Tego wieczoru wykona kompozycje Fryderyka Chopina \u2013 \u00a0Nokturny [&hellip;]<\/p>\n","protected":false},"author":2,"featured_media":0,"comment_status":"open","ping_status":"open","sticky":false,"template":"","format":"standard","meta":{"footnotes":""},"categories":[1],"tags":[],"class_list":["post-502","post","type-post","status-publish","format-standard","hentry","category-bez-kategorii"],"_links":{"self":[{"href":"https:\/\/beethoven.org.pl\/impresariat\/wp-json\/wp\/v2\/posts\/502","targetHints":{"allow":["GET"]}}],"collection":[{"href":"https:\/\/beethoven.org.pl\/impresariat\/wp-json\/wp\/v2\/posts"}],"about":[{"href":"https:\/\/beethoven.org.pl\/impresariat\/wp-json\/wp\/v2\/types\/post"}],"author":[{"embeddable":true,"href":"https:\/\/beethoven.org.pl\/impresariat\/wp-json\/wp\/v2\/users\/2"}],"replies":[{"embeddable":true,"href":"https:\/\/beethoven.org.pl\/impresariat\/wp-json\/wp\/v2\/comments?post=502"}],"version-history":[{"count":3,"href":"https:\/\/beethoven.org.pl\/impresariat\/wp-json\/wp\/v2\/posts\/502\/revisions"}],"predecessor-version":[{"id":506,"href":"https:\/\/beethoven.org.pl\/impresariat\/wp-json\/wp\/v2\/posts\/502\/revisions\/506"}],"wp:attachment":[{"href":"https:\/\/beethoven.org.pl\/impresariat\/wp-json\/wp\/v2\/media?parent=502"}],"wp:term":[{"taxonomy":"category","embeddable":true,"href":"https:\/\/beethoven.org.pl\/impresariat\/wp-json\/wp\/v2\/categories?post=502"},{"taxonomy":"post_tag","embeddable":true,"href":"https:\/\/beethoven.org.pl\/impresariat\/wp-json\/wp\/v2\/tags?post=502"}],"curies":[{"name":"wp","href":"https:\/\/api.w.org\/{rel}","templated":true}]}}