{"id":487,"date":"2017-08-04T14:52:29","date_gmt":"2017-08-04T12:52:29","guid":{"rendered":"http:\/\/beethoven.org.pl\/impresariat\/?p=487"},"modified":"2017-08-04T14:52:57","modified_gmt":"2017-08-04T12:52:57","slug":"aleksandra-swigut-w-zelazowej-woli","status":"publish","type":"post","link":"https:\/\/beethoven.org.pl\/impresariat\/2017\/08\/04\/aleksandra-swigut-w-zelazowej-woli\/","title":{"rendered":"Aleksandra \u015awigut w \u017belazowej Woli"},"content":{"rendered":"<p>W najbli\u017csz\u0105 niedziel\u0119 6 sierpnia 2017 Domu Urodzenia Fryderyka Chopina w \u017belazowej Woli b\u0119dzie mo\u017cna us\u0142ysze\u0107 m\u0142od\u0105 pianistk\u0119 \u2013 Aleksandr\u0119 \u015awigut. Artystka wyst\u0105pi tego dnia dwa razy. Pierwszy koncert (o godz. 12:00) wykona na \u00a0instrumencie historycznym, drugi o godz. 15:00 \u2013 na fortepianie wsp\u00f3\u0142czesnym. Zgromadzona publiczno\u015b\u0107 wys\u0142ucha takich utwor\u00f3w jak \u00a0Ballada F-dur op. 38, Mazurki op. 6, Scherzo E-dur op. 54, Nokturny op. 27 czy Etiuda op. 10 nr 12.<\/p>\n<p>Wi\u0119cej informacji: http:\/\/chopin.museum\/pl\/museum\/zelazowa_wola\/id\/835<\/p>","protected":false},"excerpt":{"rendered":"<p>W najbli\u017csz\u0105 niedziel\u0119 6 sierpnia 2017 Domu Urodzenia Fryderyka Chopina w \u017belazowej Woli b\u0119dzie mo\u017cna us\u0142ysze\u0107 m\u0142od\u0105 pianistk\u0119 \u2013 Aleksandr\u0119 \u015awigut. Artystka wyst\u0105pi tego dnia dwa razy. Pierwszy koncert (o godz. 12:00) wykona na \u00a0instrumencie historycznym, drugi o godz. 15:00 \u2013 na fortepianie wsp\u00f3\u0142czesnym. Zgromadzona publiczno\u015b\u0107 wys\u0142ucha takich utwor\u00f3w jak \u00a0Ballada F-dur op. 38, Mazurki [&hellip;]<\/p>\n","protected":false},"author":2,"featured_media":0,"comment_status":"open","ping_status":"open","sticky":false,"template":"","format":"standard","meta":{"footnotes":""},"categories":[1],"tags":[],"class_list":["post-487","post","type-post","status-publish","format-standard","hentry","category-bez-kategorii"],"_links":{"self":[{"href":"https:\/\/beethoven.org.pl\/impresariat\/wp-json\/wp\/v2\/posts\/487","targetHints":{"allow":["GET"]}}],"collection":[{"href":"https:\/\/beethoven.org.pl\/impresariat\/wp-json\/wp\/v2\/posts"}],"about":[{"href":"https:\/\/beethoven.org.pl\/impresariat\/wp-json\/wp\/v2\/types\/post"}],"author":[{"embeddable":true,"href":"https:\/\/beethoven.org.pl\/impresariat\/wp-json\/wp\/v2\/users\/2"}],"replies":[{"embeddable":true,"href":"https:\/\/beethoven.org.pl\/impresariat\/wp-json\/wp\/v2\/comments?post=487"}],"version-history":[{"count":1,"href":"https:\/\/beethoven.org.pl\/impresariat\/wp-json\/wp\/v2\/posts\/487\/revisions"}],"predecessor-version":[{"id":489,"href":"https:\/\/beethoven.org.pl\/impresariat\/wp-json\/wp\/v2\/posts\/487\/revisions\/489"}],"wp:attachment":[{"href":"https:\/\/beethoven.org.pl\/impresariat\/wp-json\/wp\/v2\/media?parent=487"}],"wp:term":[{"taxonomy":"category","embeddable":true,"href":"https:\/\/beethoven.org.pl\/impresariat\/wp-json\/wp\/v2\/categories?post=487"},{"taxonomy":"post_tag","embeddable":true,"href":"https:\/\/beethoven.org.pl\/impresariat\/wp-json\/wp\/v2\/tags?post=487"}],"curies":[{"name":"wp","href":"https:\/\/api.w.org\/{rel}","templated":true}]}}