{"id":483,"date":"2017-08-04T12:56:31","date_gmt":"2017-08-04T10:56:31","guid":{"rendered":"http:\/\/beethoven.org.pl\/impresariat\/?p=483"},"modified":"2017-08-04T14:45:00","modified_gmt":"2017-08-04T12:45:00","slug":"gala-finalowa-iv-konkursu-kompozytorskiego-im-krzysztofa-pendereckiego","status":"publish","type":"post","link":"https:\/\/beethoven.org.pl\/impresariat\/2017\/08\/04\/gala-finalowa-iv-konkursu-kompozytorskiego-im-krzysztofa-pendereckiego\/","title":{"rendered":"Gala fina\u0142owa IV Konkursu Kompozytorskiego im. Krzysztofa Pendereckiego"},"content":{"rendered":"<p>02 sierpnia o godz. 19:00 w sali Koncertowej Polskiej Filharmonii Kameralnej Sopot odby\u0142a si\u0119 gala fina\u0142owa IV Konkursu Kompozytorskiego im. Krzysztofa Pendereckiego. Wiecz\u00f3r by\u0142 jednym z najwa\u017cniejszych punkt\u00f3w Mi\u0119dzynarodowego Festiwalu Sopot Classic. Podczas uroczystego fina\u0142u wyst\u0105pili wybitni soli\u015bci: klarnecista Andrzej Wojciechowski oraz fleci\u015bci Agata Kielar-D\u0142ugosz i \u0141ukasz D\u0142ugosz wraz z \u00a0Polsk\u0105 Filharmoni\u0105 Kameraln\u0105 Sopot. Ca\u0142o\u015b\u0107 poprowadzi\u0142 utalentowany polski dyrygent m\u0142odego pokolenia Dawid Runtz, reprezentowany przez Stowarzyszenie im. Ludwiga van Beethovena. Wykonali oni Koncert alt\u00f3wkowy w wersji na klarnet, smyczki, perkusj\u0119 i czelest\u0119 Krzysztofa Pendereckiego i <em>Epigramy<\/em> Koncert na dwa flety i orkiestr\u0119 kameraln\u0105 Jerzego Kornowicza, a tak\u017ce utwory laureat\u00f3w konkursu \u2013 <em>Orsi<\/em> Martyny Koseckiej oraz <em>Equilibrum<\/em> Piotra Peszata.<\/p>\n<p>&nbsp;<\/p>\n<p>Celem Konkursu Kompozytorskiego im. Krzysztofa Pendereckiego jest pomoc debiutuj\u0105cym artystom w stworzeniu przestrzeni do ukazania ich tw\u00f3rczo\u015bci. Dzi\u0119ki niemu tw\u00f3rcy maj\u0105 szans\u0119 zaprezentowania swoich dzie\u0142 przed profesjonalnym jury i festiwalow\u0105 publiczno\u015bci\u0105.<\/p>","protected":false},"excerpt":{"rendered":"<p>02 sierpnia o godz. 19:00 w sali Koncertowej Polskiej Filharmonii Kameralnej Sopot odby\u0142a si\u0119 gala fina\u0142owa IV Konkursu Kompozytorskiego im. Krzysztofa Pendereckiego. Wiecz\u00f3r by\u0142 jednym z najwa\u017cniejszych punkt\u00f3w Mi\u0119dzynarodowego Festiwalu Sopot Classic. Podczas uroczystego fina\u0142u wyst\u0105pili wybitni soli\u015bci: klarnecista Andrzej Wojciechowski oraz fleci\u015bci Agata Kielar-D\u0142ugosz i \u0141ukasz D\u0142ugosz wraz z \u00a0Polsk\u0105 Filharmoni\u0105 Kameraln\u0105 Sopot. Ca\u0142o\u015b\u0107 [&hellip;]<\/p>\n","protected":false},"author":2,"featured_media":0,"comment_status":"open","ping_status":"open","sticky":false,"template":"","format":"standard","meta":{"footnotes":""},"categories":[1],"tags":[],"class_list":["post-483","post","type-post","status-publish","format-standard","hentry","category-bez-kategorii"],"_links":{"self":[{"href":"https:\/\/beethoven.org.pl\/impresariat\/wp-json\/wp\/v2\/posts\/483","targetHints":{"allow":["GET"]}}],"collection":[{"href":"https:\/\/beethoven.org.pl\/impresariat\/wp-json\/wp\/v2\/posts"}],"about":[{"href":"https:\/\/beethoven.org.pl\/impresariat\/wp-json\/wp\/v2\/types\/post"}],"author":[{"embeddable":true,"href":"https:\/\/beethoven.org.pl\/impresariat\/wp-json\/wp\/v2\/users\/2"}],"replies":[{"embeddable":true,"href":"https:\/\/beethoven.org.pl\/impresariat\/wp-json\/wp\/v2\/comments?post=483"}],"version-history":[{"count":2,"href":"https:\/\/beethoven.org.pl\/impresariat\/wp-json\/wp\/v2\/posts\/483\/revisions"}],"predecessor-version":[{"id":486,"href":"https:\/\/beethoven.org.pl\/impresariat\/wp-json\/wp\/v2\/posts\/483\/revisions\/486"}],"wp:attachment":[{"href":"https:\/\/beethoven.org.pl\/impresariat\/wp-json\/wp\/v2\/media?parent=483"}],"wp:term":[{"taxonomy":"category","embeddable":true,"href":"https:\/\/beethoven.org.pl\/impresariat\/wp-json\/wp\/v2\/categories?post=483"},{"taxonomy":"post_tag","embeddable":true,"href":"https:\/\/beethoven.org.pl\/impresariat\/wp-json\/wp\/v2\/tags?post=483"}],"curies":[{"name":"wp","href":"https:\/\/api.w.org\/{rel}","templated":true}]}}