{"id":481,"date":"2017-08-02T13:01:05","date_gmt":"2017-08-02T11:01:05","guid":{"rendered":"http:\/\/beethoven.org.pl\/impresariat\/?p=481"},"modified":"2017-08-02T13:01:41","modified_gmt":"2017-08-02T11:01:41","slug":"szymon-nehring-w-dusznikach-zdroju","status":"publish","type":"post","link":"https:\/\/beethoven.org.pl\/impresariat\/2017\/08\/02\/szymon-nehring-w-dusznikach-zdroju\/","title":{"rendered":"Szymon Nehring w Dusznikach Zdroju"},"content":{"rendered":"<p>Pianista Szymon Nehring wyst\u0105pi na specjalnym recitalu w ramach \u00a072. Mi\u0119dzynarodowego Festiwalu Chopinowskiego w Dusznikach-Zdroju. Koncert odb\u0119dzie si\u0119 w najbli\u017csz\u0105 sobot\u0119 ( 5 sierpnia o godz. 22.00). Podczas recitalu artysta wykona utwory Scarlattiego, Mozarta, Beethovena oraz Chopina. Wi\u0119cej informacji: <a href=\"http:\/\/www.festival.pl\">www.festival.pl<\/a><\/p>","protected":false},"excerpt":{"rendered":"<p>Pianista Szymon Nehring wyst\u0105pi na specjalnym recitalu w ramach \u00a072. Mi\u0119dzynarodowego Festiwalu Chopinowskiego w Dusznikach-Zdroju. Koncert odb\u0119dzie si\u0119 w najbli\u017csz\u0105 sobot\u0119 ( 5 sierpnia o godz. 22.00). Podczas recitalu artysta wykona utwory Scarlattiego, Mozarta, Beethovena oraz Chopina. Wi\u0119cej informacji: www.festival.pl<\/p>\n","protected":false},"author":2,"featured_media":0,"comment_status":"open","ping_status":"open","sticky":false,"template":"","format":"standard","meta":{"footnotes":""},"categories":[1],"tags":[],"class_list":["post-481","post","type-post","status-publish","format-standard","hentry","category-bez-kategorii"],"_links":{"self":[{"href":"https:\/\/beethoven.org.pl\/impresariat\/wp-json\/wp\/v2\/posts\/481","targetHints":{"allow":["GET"]}}],"collection":[{"href":"https:\/\/beethoven.org.pl\/impresariat\/wp-json\/wp\/v2\/posts"}],"about":[{"href":"https:\/\/beethoven.org.pl\/impresariat\/wp-json\/wp\/v2\/types\/post"}],"author":[{"embeddable":true,"href":"https:\/\/beethoven.org.pl\/impresariat\/wp-json\/wp\/v2\/users\/2"}],"replies":[{"embeddable":true,"href":"https:\/\/beethoven.org.pl\/impresariat\/wp-json\/wp\/v2\/comments?post=481"}],"version-history":[{"count":1,"href":"https:\/\/beethoven.org.pl\/impresariat\/wp-json\/wp\/v2\/posts\/481\/revisions"}],"predecessor-version":[{"id":482,"href":"https:\/\/beethoven.org.pl\/impresariat\/wp-json\/wp\/v2\/posts\/481\/revisions\/482"}],"wp:attachment":[{"href":"https:\/\/beethoven.org.pl\/impresariat\/wp-json\/wp\/v2\/media?parent=481"}],"wp:term":[{"taxonomy":"category","embeddable":true,"href":"https:\/\/beethoven.org.pl\/impresariat\/wp-json\/wp\/v2\/categories?post=481"},{"taxonomy":"post_tag","embeddable":true,"href":"https:\/\/beethoven.org.pl\/impresariat\/wp-json\/wp\/v2\/tags?post=481"}],"curies":[{"name":"wp","href":"https:\/\/api.w.org\/{rel}","templated":true}]}}