{"id":473,"date":"2017-07-08T09:24:47","date_gmt":"2017-07-08T07:24:47","guid":{"rendered":"http:\/\/beethoven.org.pl\/impresariat\/?p=473"},"modified":"2017-07-07T15:30:48","modified_gmt":"2017-07-07T13:30:48","slug":"34-festiwal-chopin-a-paris-z-udzialem-aleksandry-swigut","status":"publish","type":"post","link":"https:\/\/beethoven.org.pl\/impresariat\/2017\/07\/08\/34-festiwal-chopin-a-paris-z-udzialem-aleksandry-swigut\/","title":{"rendered":"34 Festiwal \u201eChopin a Paris\u201d z udzia\u0142em Aleksandry \u015awigut"},"content":{"rendered":"<p>8 lipca 2017 z recitalami w Paryskiej Bagateli wyst\u0105pi\u0105 Aleksandra \u015awigut \u2013 reprezentowana przez Stowarzyszenie im. Ludwiga van Beethovena oraz Kamil Pacholec. Oboje arty\u015bci s\u0105 laureatami ostatniego Og\u00f3lnopolskiego Konkursu im. Fryderyka Chopina.<\/p>\n<p>Tego popo\u0142udnia opr\u00f3cz Chopina zabrzmi jeszcze muzyka Karola Szymanowskiego i Johannesa Brahmsa.<\/p>\n<p>Koncert odbywa si\u0119 we wsp\u00f3\u0142pracy z Narodowym Instytutem Fryderyka Chopina.<\/p>\n<p><a href=\"http:\/\/www.frederic-chopin.com\/pages\/festival-chopin-a-paris\/34e-festival-chopin\">http:\/\/www.frederic-chopin.com\/pages\/festival-chopin-a-paris\/34e-festival-chopin<\/a><\/p>","protected":false},"excerpt":{"rendered":"<p>8 lipca 2017 z recitalami w Paryskiej Bagateli wyst\u0105pi\u0105 Aleksandra \u015awigut \u2013 reprezentowana przez Stowarzyszenie im. Ludwiga van Beethovena oraz Kamil Pacholec. Oboje arty\u015bci s\u0105 laureatami ostatniego Og\u00f3lnopolskiego Konkursu im. Fryderyka Chopina. Tego popo\u0142udnia opr\u00f3cz Chopina zabrzmi jeszcze muzyka Karola Szymanowskiego i Johannesa Brahmsa. Koncert odbywa si\u0119 we wsp\u00f3\u0142pracy z Narodowym Instytutem Fryderyka Chopina. http:\/\/www.frederic-chopin.com\/pages\/festival-chopin-a-paris\/34e-festival-chopin<\/p>\n","protected":false},"author":2,"featured_media":0,"comment_status":"open","ping_status":"open","sticky":false,"template":"","format":"standard","meta":{"footnotes":""},"categories":[1],"tags":[],"class_list":["post-473","post","type-post","status-publish","format-standard","hentry","category-bez-kategorii"],"_links":{"self":[{"href":"https:\/\/beethoven.org.pl\/impresariat\/wp-json\/wp\/v2\/posts\/473","targetHints":{"allow":["GET"]}}],"collection":[{"href":"https:\/\/beethoven.org.pl\/impresariat\/wp-json\/wp\/v2\/posts"}],"about":[{"href":"https:\/\/beethoven.org.pl\/impresariat\/wp-json\/wp\/v2\/types\/post"}],"author":[{"embeddable":true,"href":"https:\/\/beethoven.org.pl\/impresariat\/wp-json\/wp\/v2\/users\/2"}],"replies":[{"embeddable":true,"href":"https:\/\/beethoven.org.pl\/impresariat\/wp-json\/wp\/v2\/comments?post=473"}],"version-history":[{"count":1,"href":"https:\/\/beethoven.org.pl\/impresariat\/wp-json\/wp\/v2\/posts\/473\/revisions"}],"predecessor-version":[{"id":474,"href":"https:\/\/beethoven.org.pl\/impresariat\/wp-json\/wp\/v2\/posts\/473\/revisions\/474"}],"wp:attachment":[{"href":"https:\/\/beethoven.org.pl\/impresariat\/wp-json\/wp\/v2\/media?parent=473"}],"wp:term":[{"taxonomy":"category","embeddable":true,"href":"https:\/\/beethoven.org.pl\/impresariat\/wp-json\/wp\/v2\/categories?post=473"},{"taxonomy":"post_tag","embeddable":true,"href":"https:\/\/beethoven.org.pl\/impresariat\/wp-json\/wp\/v2\/tags?post=473"}],"curies":[{"name":"wp","href":"https:\/\/api.w.org\/{rel}","templated":true}]}}