{"id":460,"date":"2017-06-30T15:08:17","date_gmt":"2017-06-30T13:08:17","guid":{"rendered":"http:\/\/beethoven.org.pl\/impresariat\/?p=460"},"modified":"2017-06-30T15:08:17","modified_gmt":"2017-06-30T13:08:17","slug":"festiwal-muzyki-emanacje-2017","status":"publish","type":"post","link":"https:\/\/beethoven.org.pl\/impresariat\/2017\/06\/30\/festiwal-muzyki-emanacje-2017\/","title":{"rendered":"Festiwal Muzyki EMANACJE 2017"},"content":{"rendered":"<p>Ju\u017c w najbli\u017csz\u0105 niedziel\u0119 (2 lipca) rozpocznie si\u0119 5. Mi\u0119dzynarodowy Festiwal Muzyki EMANACJE. Podczas koncertu inauguracyjnego wyst\u0105pi zesp\u00f3\u0142 Scharoun Ensemble, kt\u00f3ry tworz\u0105 muzycy legendarnej Filharmonii Berli\u0144skiej oraz Marek Bracha, pianista reprezentowany przez Stowarzyszenie im. Ludwiga van Beethovena. Zgromadzona w Europejskim Centrum Muzyki Krzysztofa Pendereckiego publiczno\u015b\u0107 wys\u0142ucha <em>Kwartetu fortepianowego<\/em> KV 478 Wolfganga Amadeusza Mozarta oraz <em>Kwintetu &#8222;Pstr\u0105g&#8221;<\/em> Franza Schuberta. Wi\u0119cej informacji: <a href=\"http:\/\/www.penderecki-center.pl\">www.penderecki-center.pl<\/a><\/p>","protected":false},"excerpt":{"rendered":"<p>Ju\u017c w najbli\u017csz\u0105 niedziel\u0119 (2 lipca) rozpocznie si\u0119 5. Mi\u0119dzynarodowy Festiwal Muzyki EMANACJE. Podczas koncertu inauguracyjnego wyst\u0105pi zesp\u00f3\u0142 Scharoun Ensemble, kt\u00f3ry tworz\u0105 muzycy legendarnej Filharmonii Berli\u0144skiej oraz Marek Bracha, pianista reprezentowany przez Stowarzyszenie im. Ludwiga van Beethovena. Zgromadzona w Europejskim Centrum Muzyki Krzysztofa Pendereckiego publiczno\u015b\u0107 wys\u0142ucha Kwartetu fortepianowego KV 478 Wolfganga Amadeusza Mozarta oraz Kwintetu [&hellip;]<\/p>\n","protected":false},"author":2,"featured_media":0,"comment_status":"open","ping_status":"open","sticky":false,"template":"","format":"standard","meta":{"footnotes":""},"categories":[1],"tags":[],"class_list":["post-460","post","type-post","status-publish","format-standard","hentry","category-bez-kategorii"],"_links":{"self":[{"href":"https:\/\/beethoven.org.pl\/impresariat\/wp-json\/wp\/v2\/posts\/460","targetHints":{"allow":["GET"]}}],"collection":[{"href":"https:\/\/beethoven.org.pl\/impresariat\/wp-json\/wp\/v2\/posts"}],"about":[{"href":"https:\/\/beethoven.org.pl\/impresariat\/wp-json\/wp\/v2\/types\/post"}],"author":[{"embeddable":true,"href":"https:\/\/beethoven.org.pl\/impresariat\/wp-json\/wp\/v2\/users\/2"}],"replies":[{"embeddable":true,"href":"https:\/\/beethoven.org.pl\/impresariat\/wp-json\/wp\/v2\/comments?post=460"}],"version-history":[{"count":1,"href":"https:\/\/beethoven.org.pl\/impresariat\/wp-json\/wp\/v2\/posts\/460\/revisions"}],"predecessor-version":[{"id":462,"href":"https:\/\/beethoven.org.pl\/impresariat\/wp-json\/wp\/v2\/posts\/460\/revisions\/462"}],"wp:attachment":[{"href":"https:\/\/beethoven.org.pl\/impresariat\/wp-json\/wp\/v2\/media?parent=460"}],"wp:term":[{"taxonomy":"category","embeddable":true,"href":"https:\/\/beethoven.org.pl\/impresariat\/wp-json\/wp\/v2\/categories?post=460"},{"taxonomy":"post_tag","embeddable":true,"href":"https:\/\/beethoven.org.pl\/impresariat\/wp-json\/wp\/v2\/tags?post=460"}],"curies":[{"name":"wp","href":"https:\/\/api.w.org\/{rel}","templated":true}]}}