{"id":446,"date":"2017-06-08T11:28:04","date_gmt":"2017-06-08T09:28:04","guid":{"rendered":"http:\/\/beethoven.org.pl\/impresariat\/?p=446"},"modified":"2017-06-08T11:47:12","modified_gmt":"2017-06-08T09:47:12","slug":"lukasz-kuropaczewski-w-ostravie","status":"publish","type":"post","link":"https:\/\/beethoven.org.pl\/impresariat\/2017\/06\/08\/lukasz-kuropaczewski-w-ostravie\/","title":{"rendered":"\u0141ukasz Kuropaczewski w Ostravie"},"content":{"rendered":"<p>8 czerwca \u0141ukasza Kuropaczewski wyst\u0105pi z \u00a0recitale, gitarowym na 42. \u00a0Mi\u0119dzynarodowym Festiwalu Janaczka w Ostravie ( Czechy). Koncert odb\u0119dzie si\u0119 na Zamku w Kuninie. Szczeg\u00f3\u0142owe informacje dotycz\u0105ce programu i sprzeda\u017c bilet\u00f3w: <a href=\"http:\/\/www.janackuvmaj.cz\/en\/koncerty?id=358#.WTkWFDUVzIV\">http:\/\/www.janackuvmaj.cz\/en\/koncerty?id=358#.WTkWFDUVzIV<\/a><\/p>\n<p>&nbsp;<\/p>\n<p>fot. Kamil Strudzi\u0144ski<\/p>","protected":false},"excerpt":{"rendered":"<p>8 czerwca \u0141ukasza Kuropaczewski wyst\u0105pi z \u00a0recitale, gitarowym na 42. \u00a0Mi\u0119dzynarodowym Festiwalu Janaczka w Ostravie ( Czechy). Koncert odb\u0119dzie si\u0119 na Zamku w Kuninie. Szczeg\u00f3\u0142owe informacje dotycz\u0105ce programu i sprzeda\u017c bilet\u00f3w: http:\/\/www.janackuvmaj.cz\/en\/koncerty?id=358#.WTkWFDUVzIV &nbsp; fot. Kamil Strudzi\u0144ski<\/p>\n","protected":false},"author":2,"featured_media":0,"comment_status":"open","ping_status":"open","sticky":false,"template":"","format":"standard","meta":{"footnotes":""},"categories":[1],"tags":[],"class_list":["post-446","post","type-post","status-publish","format-standard","hentry","category-bez-kategorii"],"_links":{"self":[{"href":"https:\/\/beethoven.org.pl\/impresariat\/wp-json\/wp\/v2\/posts\/446","targetHints":{"allow":["GET"]}}],"collection":[{"href":"https:\/\/beethoven.org.pl\/impresariat\/wp-json\/wp\/v2\/posts"}],"about":[{"href":"https:\/\/beethoven.org.pl\/impresariat\/wp-json\/wp\/v2\/types\/post"}],"author":[{"embeddable":true,"href":"https:\/\/beethoven.org.pl\/impresariat\/wp-json\/wp\/v2\/users\/2"}],"replies":[{"embeddable":true,"href":"https:\/\/beethoven.org.pl\/impresariat\/wp-json\/wp\/v2\/comments?post=446"}],"version-history":[{"count":1,"href":"https:\/\/beethoven.org.pl\/impresariat\/wp-json\/wp\/v2\/posts\/446\/revisions"}],"predecessor-version":[{"id":449,"href":"https:\/\/beethoven.org.pl\/impresariat\/wp-json\/wp\/v2\/posts\/446\/revisions\/449"}],"wp:attachment":[{"href":"https:\/\/beethoven.org.pl\/impresariat\/wp-json\/wp\/v2\/media?parent=446"}],"wp:term":[{"taxonomy":"category","embeddable":true,"href":"https:\/\/beethoven.org.pl\/impresariat\/wp-json\/wp\/v2\/categories?post=446"},{"taxonomy":"post_tag","embeddable":true,"href":"https:\/\/beethoven.org.pl\/impresariat\/wp-json\/wp\/v2\/tags?post=446"}],"curies":[{"name":"wp","href":"https:\/\/api.w.org\/{rel}","templated":true}]}}