{"id":440,"date":"2017-06-02T14:18:23","date_gmt":"2017-06-02T12:18:23","guid":{"rendered":"http:\/\/beethoven.org.pl\/impresariat\/?p=440"},"modified":"2017-06-02T14:18:23","modified_gmt":"2017-06-02T12:18:23","slug":"karolina-jaroszewska-z-orkiestre-kameralna-polskiego-radia-amadeus-w-warszawie","status":"publish","type":"post","link":"https:\/\/beethoven.org.pl\/impresariat\/2017\/06\/02\/karolina-jaroszewska-z-orkiestre-kameralna-polskiego-radia-amadeus-w-warszawie\/","title":{"rendered":"Karolina Jaroszewska z Orkiestr\u0119 Kameraln\u0105 Polskiego Radia AMADEUS w Warszawie"},"content":{"rendered":"<p>Karolina Jaroszewska w najbli\u017csz\u0105 sobot\u0119 (4.06.2017) o godzinie 19:00 wyst\u0105pi wraz z Orkiestr\u0119 Kameraln\u0105 Polskiego Radia AMADEUS w \u00a0Studiu im. W. Lutos\u0142awskiego. Opr\u00f3cz wiolonczelistki solist\u0105 tego wieczoru b\u0119dzie tak\u017ce Wies\u0142aw Prz\u0105dka. Ca\u0142o\u015bci\u0105 zadyryguje Anna Duczmal-Mr\u00f3z. W programie koncertu Edward Elgar &#8211; Introdukcja i Allegro op. 47, Koncert wiolonczelowy e-moll op. 85 (oprac. Agnieszka Duczmal), Astor Piazzolla &#8211; Suita Troileana (oprac. Bernard Chmielarz), Milonga del Angel (oprac. Wies\u0142aw Prz\u0105dka), Ave Maria (oprac. Mateusz Wys\u0142ucha), Michelangelo (oprac. Wies\u0142aw Prz\u0105dka), Libertango (oprac. Bohdan Jarmo\u0142owicz), Milonga (oprac. Bohdan Jarmo\u0142owicz), a tak\u017ce Richard Galliano &#8211; Tango pour Cloud (oprac. Wies\u0142aw Prz\u0105dka).<\/p>\n<p>Wi\u0119cej informacji i sprzeda\u0107 bilet\u00f3w: <a href=\"http:\/\/www.studianagran.com.pl\/newsy\/koncert-orkiestry-kameralnej-polskiego-radia-amadeus-845.html\">http:\/\/www.studianagran.com.pl\/newsy\/koncert-orkiestry-kameralnej-polskiego-radia-amadeus-845.html<\/a><\/p>\n<p>fot_Katarzyna&amp;Kamil Babka<\/p>","protected":false},"excerpt":{"rendered":"<p>Karolina Jaroszewska w najbli\u017csz\u0105 sobot\u0119 (4.06.2017) o godzinie 19:00 wyst\u0105pi wraz z Orkiestr\u0119 Kameraln\u0105 Polskiego Radia AMADEUS w \u00a0Studiu im. W. Lutos\u0142awskiego. Opr\u00f3cz wiolonczelistki solist\u0105 tego wieczoru b\u0119dzie tak\u017ce Wies\u0142aw Prz\u0105dka. Ca\u0142o\u015bci\u0105 zadyryguje Anna Duczmal-Mr\u00f3z. W programie koncertu Edward Elgar &#8211; Introdukcja i Allegro op. 47, Koncert wiolonczelowy e-moll op. 85 (oprac. Agnieszka Duczmal), Astor [&hellip;]<\/p>\n","protected":false},"author":2,"featured_media":0,"comment_status":"open","ping_status":"open","sticky":false,"template":"","format":"standard","meta":{"footnotes":""},"categories":[1],"tags":[],"class_list":["post-440","post","type-post","status-publish","format-standard","hentry","category-bez-kategorii"],"_links":{"self":[{"href":"https:\/\/beethoven.org.pl\/impresariat\/wp-json\/wp\/v2\/posts\/440","targetHints":{"allow":["GET"]}}],"collection":[{"href":"https:\/\/beethoven.org.pl\/impresariat\/wp-json\/wp\/v2\/posts"}],"about":[{"href":"https:\/\/beethoven.org.pl\/impresariat\/wp-json\/wp\/v2\/types\/post"}],"author":[{"embeddable":true,"href":"https:\/\/beethoven.org.pl\/impresariat\/wp-json\/wp\/v2\/users\/2"}],"replies":[{"embeddable":true,"href":"https:\/\/beethoven.org.pl\/impresariat\/wp-json\/wp\/v2\/comments?post=440"}],"version-history":[{"count":1,"href":"https:\/\/beethoven.org.pl\/impresariat\/wp-json\/wp\/v2\/posts\/440\/revisions"}],"predecessor-version":[{"id":442,"href":"https:\/\/beethoven.org.pl\/impresariat\/wp-json\/wp\/v2\/posts\/440\/revisions\/442"}],"wp:attachment":[{"href":"https:\/\/beethoven.org.pl\/impresariat\/wp-json\/wp\/v2\/media?parent=440"}],"wp:term":[{"taxonomy":"category","embeddable":true,"href":"https:\/\/beethoven.org.pl\/impresariat\/wp-json\/wp\/v2\/categories?post=440"},{"taxonomy":"post_tag","embeddable":true,"href":"https:\/\/beethoven.org.pl\/impresariat\/wp-json\/wp\/v2\/tags?post=440"}],"curies":[{"name":"wp","href":"https:\/\/api.w.org\/{rel}","templated":true}]}}