{"id":419,"date":"2017-05-18T13:58:46","date_gmt":"2017-05-18T11:58:46","guid":{"rendered":"http:\/\/beethoven.org.pl\/impresariat\/?p=419"},"modified":"2017-05-18T13:58:46","modified_gmt":"2017-05-18T11:58:46","slug":"konrad-skolarski-w-koszalinie","status":"publish","type":"post","link":"https:\/\/beethoven.org.pl\/impresariat\/2017\/05\/18\/konrad-skolarski-w-koszalinie\/","title":{"rendered":"Konrad Skolarski w Koszalinie"},"content":{"rendered":"<p>Konrad Skolarski\u00a0wyst\u0105pi ju\u017c jutro (19 maja) wraz z\u00a0Orkiestr\u0105 Filharmonii Koszali\u0144skiej pod batut\u0105\u00a0Massimiliano Caldiego. W programie koncertu\u00a0II Koncert fortepianowy f-moll op.21 Fryderyka Chopina,\u00a0Uwertura &#8222;Bajka&#8221; Stanis\u0142awa Moniuszki oraz\u00a0Poemat symfoniczny &#8222;We\u0142tawa&#8221; Bedrich Smetany. Wi\u0119cej informacji i bilety:\u00a0http:\/\/filharmoniakoszalinska.pl<\/p>\n<p>&nbsp;<\/p>\n<p>&nbsp;<\/p>\n<p>&nbsp;<\/p>","protected":false},"excerpt":{"rendered":"<p>Konrad Skolarski\u00a0wyst\u0105pi ju\u017c jutro (19 maja) wraz z\u00a0Orkiestr\u0105 Filharmonii Koszali\u0144skiej pod batut\u0105\u00a0Massimiliano Caldiego. W programie koncertu\u00a0II Koncert fortepianowy f-moll op.21 Fryderyka Chopina,\u00a0Uwertura &#8222;Bajka&#8221; Stanis\u0142awa Moniuszki oraz\u00a0Poemat symfoniczny &#8222;We\u0142tawa&#8221; Bedrich Smetany. Wi\u0119cej informacji i bilety:\u00a0http:\/\/filharmoniakoszalinska.pl &nbsp; &nbsp; &nbsp;<\/p>\n","protected":false},"author":2,"featured_media":0,"comment_status":"open","ping_status":"open","sticky":false,"template":"","format":"standard","meta":{"footnotes":""},"categories":[1],"tags":[],"class_list":["post-419","post","type-post","status-publish","format-standard","hentry","category-bez-kategorii"],"_links":{"self":[{"href":"https:\/\/beethoven.org.pl\/impresariat\/wp-json\/wp\/v2\/posts\/419","targetHints":{"allow":["GET"]}}],"collection":[{"href":"https:\/\/beethoven.org.pl\/impresariat\/wp-json\/wp\/v2\/posts"}],"about":[{"href":"https:\/\/beethoven.org.pl\/impresariat\/wp-json\/wp\/v2\/types\/post"}],"author":[{"embeddable":true,"href":"https:\/\/beethoven.org.pl\/impresariat\/wp-json\/wp\/v2\/users\/2"}],"replies":[{"embeddable":true,"href":"https:\/\/beethoven.org.pl\/impresariat\/wp-json\/wp\/v2\/comments?post=419"}],"version-history":[{"count":1,"href":"https:\/\/beethoven.org.pl\/impresariat\/wp-json\/wp\/v2\/posts\/419\/revisions"}],"predecessor-version":[{"id":421,"href":"https:\/\/beethoven.org.pl\/impresariat\/wp-json\/wp\/v2\/posts\/419\/revisions\/421"}],"wp:attachment":[{"href":"https:\/\/beethoven.org.pl\/impresariat\/wp-json\/wp\/v2\/media?parent=419"}],"wp:term":[{"taxonomy":"category","embeddable":true,"href":"https:\/\/beethoven.org.pl\/impresariat\/wp-json\/wp\/v2\/categories?post=419"},{"taxonomy":"post_tag","embeddable":true,"href":"https:\/\/beethoven.org.pl\/impresariat\/wp-json\/wp\/v2\/tags?post=419"}],"curies":[{"name":"wp","href":"https:\/\/api.w.org\/{rel}","templated":true}]}}