{"id":398,"date":"2017-05-01T16:28:46","date_gmt":"2017-05-01T14:28:46","guid":{"rendered":"http:\/\/beethoven.org.pl\/impresariat\/?p=398"},"modified":"2017-04-28T16:29:58","modified_gmt":"2017-04-28T14:29:58","slug":"chopinowska-majowka-z-lukaszem-krupinskim","status":"publish","type":"post","link":"https:\/\/beethoven.org.pl\/impresariat\/2017\/05\/01\/chopinowska-majowka-z-lukaszem-krupinskim\/","title":{"rendered":"Chopinowska maj\u00f3wka z \u0141ukaszem Krupi\u0144skim"},"content":{"rendered":"<p>2 maja \u0141ukasz Krupi\u0144ski wyst\u0105pi w Hanowerze w Landesfunkhaus Kleine Sendesaal des NDR Hannover, za\u015b 3 maja artysta zagra recital chopinowski w Pa\u0142acu Potulickich (Plac Jana Paw\u0142a II) w Pruszkowie w samo po\u0142udnie.<\/p>","protected":false},"excerpt":{"rendered":"<p>2 maja \u0141ukasz Krupi\u0144ski wyst\u0105pi w Hanowerze w Landesfunkhaus Kleine Sendesaal des NDR Hannover, za\u015b 3 maja artysta zagra recital chopinowski w Pa\u0142acu Potulickich (Plac Jana Paw\u0142a II) w Pruszkowie w samo po\u0142udnie.<\/p>\n","protected":false},"author":2,"featured_media":0,"comment_status":"open","ping_status":"open","sticky":false,"template":"","format":"standard","meta":{"footnotes":""},"categories":[1],"tags":[],"class_list":["post-398","post","type-post","status-publish","format-standard","hentry","category-bez-kategorii"],"_links":{"self":[{"href":"https:\/\/beethoven.org.pl\/impresariat\/wp-json\/wp\/v2\/posts\/398","targetHints":{"allow":["GET"]}}],"collection":[{"href":"https:\/\/beethoven.org.pl\/impresariat\/wp-json\/wp\/v2\/posts"}],"about":[{"href":"https:\/\/beethoven.org.pl\/impresariat\/wp-json\/wp\/v2\/types\/post"}],"author":[{"embeddable":true,"href":"https:\/\/beethoven.org.pl\/impresariat\/wp-json\/wp\/v2\/users\/2"}],"replies":[{"embeddable":true,"href":"https:\/\/beethoven.org.pl\/impresariat\/wp-json\/wp\/v2\/comments?post=398"}],"version-history":[{"count":1,"href":"https:\/\/beethoven.org.pl\/impresariat\/wp-json\/wp\/v2\/posts\/398\/revisions"}],"predecessor-version":[{"id":399,"href":"https:\/\/beethoven.org.pl\/impresariat\/wp-json\/wp\/v2\/posts\/398\/revisions\/399"}],"wp:attachment":[{"href":"https:\/\/beethoven.org.pl\/impresariat\/wp-json\/wp\/v2\/media?parent=398"}],"wp:term":[{"taxonomy":"category","embeddable":true,"href":"https:\/\/beethoven.org.pl\/impresariat\/wp-json\/wp\/v2\/categories?post=398"},{"taxonomy":"post_tag","embeddable":true,"href":"https:\/\/beethoven.org.pl\/impresariat\/wp-json\/wp\/v2\/tags?post=398"}],"curies":[{"name":"wp","href":"https:\/\/api.w.org\/{rel}","templated":true}]}}