{"id":388,"date":"2017-04-11T17:02:22","date_gmt":"2017-04-11T15:02:22","guid":{"rendered":"http:\/\/beethoven.org.pl\/impresariat\/?p=388"},"modified":"2017-04-11T17:02:22","modified_gmt":"2017-04-11T15:02:22","slug":"koncert-szymona-nehringa-w-kielcach","status":"publish","type":"post","link":"https:\/\/beethoven.org.pl\/impresariat\/2017\/04\/11\/koncert-szymona-nehringa-w-kielcach\/","title":{"rendered":"Koncert Szymona Nehringa w Kielcach"},"content":{"rendered":"<p>Szymon Nehring zagra 12 kwietnia w Filharmonii \u015awi\u0119tokrzyskiej w Kielcach. W jego wykonaniu zabrzmi III Koncert fortepianowy Rachmaninowa.<\/p>\n<p><img loading=\"lazy\" decoding=\"async\" class=\"size-medium wp-image-389 aligncenter\" src=\"http:\/\/beethoven.org.pl\/impresariat\/wp-content\/uploads\/sites\/6\/2017\/04\/2017.04.12koncertFilh-208x300.jpg\" alt=\"2017.04.12koncertFilh\" width=\"208\" height=\"300\" srcset=\"https:\/\/beethoven.org.pl\/impresariat\/wp-content\/uploads\/sites\/6\/2017\/04\/2017.04.12koncertFilh-208x300.jpg 208w, https:\/\/beethoven.org.pl\/impresariat\/wp-content\/uploads\/sites\/6\/2017\/04\/2017.04.12koncertFilh-768x1108.jpg 768w, https:\/\/beethoven.org.pl\/impresariat\/wp-content\/uploads\/sites\/6\/2017\/04\/2017.04.12koncertFilh-710x1024.jpg 710w, https:\/\/beethoven.org.pl\/impresariat\/wp-content\/uploads\/sites\/6\/2017\/04\/2017.04.12koncertFilh.jpg 810w\" sizes=\"auto, (max-width: 208px) 100vw, 208px\" \/><\/p>\n<p>&#8222;Wiecz\u00f3r rozpocznie jeden z najtrudniejszych do wykonania w ca\u0142ej literaturze muzycznej koncert\u00f3w fortepianowych. Do tego stopnia skomplikowany jest technicznie i ekspresyjnie, \u017ce bali go si\u0119 najwi\u0119ksi piani\u015bci, cho\u0107 sam kompozytor uwa\u017ca\u0142 go za sw\u00f3j ulubiony i twierdzi\u0142, \u017ce jest \u0142atwiejszy do grania, ni\u017c wcze\u015bniejsze dwa. D\u0142ugo wi\u0119c nie istnia\u0142 III Koncert w repertuarze filharmonicznym, a\u017c rozs\u0142awi\u0142 go Vladimir Horovitz. Zupe\u0142nie inaczej traktuje Koncert publiczno\u015b\u0107, kt\u00f3rej podobaj\u0105 si\u0119 przede wszystkim \u201eszerokie frazy rosyjskie\u201d, rozlewne melodie. Utw\u00f3r zabrzmi na kieleckiej estradzie w interpretacji jednego z najbardziej utalentowanych pianist\u00f3w m\u0142odego pokolenia w Polsce \u2013 Szymona Nehringa&#8221;. (info. organizatora)<\/p>\n<p>Wi\u0119cej informacji: <a href=\"http:\/\/filharmonia.kielce.com.pl\/press\/press_12.04.17.html\">TUTAJ<\/a><\/p>\n<p style=\"text-align: center\">12 kwietnia 2017, \u015broda, g. 19.00, sala koncertowa<\/p>\n<p><b>WIELKIE KONCERTY ROMANTYCZNE<\/b><br \/>\npod patronatem Prezydenta Miasta Kielce Wojciecha Lubawskiego<\/p>\n<p>SZYMON NEHRING &#8211; fortepian<br \/>\nJAN BIENIASZ &#8211; fortepian<br \/>\nLaureaci Konkursu Pianistycznego im. Maurycego Moszkowskiego<br \/>\nORKIESTRA SYMFONICZNA Filharmonii \u015awietokrzyskiej<br \/>\nALEXANDER HUMALA &#8211; dyrygent<\/p>\n<p>S. RACHMANINOW: III Koncert fortepianowy d-moll op. 30<br \/>\nE. GRIEG :Koncert fortepianowy a-moll op. 16<\/p>\n<p>wst\u0119p wolny<br \/>\n(zaproszenia do odbioru w kasie)<\/p>\n<p><\/p>","protected":false},"excerpt":{"rendered":"<p>Szymon Nehring zagra 12 kwietnia w Filharmonii \u015awi\u0119tokrzyskiej w Kielcach. W jego wykonaniu zabrzmi III Koncert fortepianowy Rachmaninowa. &#8222;Wiecz\u00f3r rozpocznie jeden z najtrudniejszych do wykonania w ca\u0142ej literaturze muzycznej koncert\u00f3w fortepianowych. Do tego stopnia skomplikowany jest technicznie i ekspresyjnie, \u017ce bali go si\u0119 najwi\u0119ksi piani\u015bci, cho\u0107 sam kompozytor uwa\u017ca\u0142 go za sw\u00f3j ulubiony i twierdzi\u0142, [&hellip;]<\/p>\n","protected":false},"author":6,"featured_media":0,"comment_status":"open","ping_status":"open","sticky":false,"template":"","format":"standard","meta":{"footnotes":""},"categories":[1],"tags":[],"class_list":["post-388","post","type-post","status-publish","format-standard","hentry","category-bez-kategorii"],"_links":{"self":[{"href":"https:\/\/beethoven.org.pl\/impresariat\/wp-json\/wp\/v2\/posts\/388","targetHints":{"allow":["GET"]}}],"collection":[{"href":"https:\/\/beethoven.org.pl\/impresariat\/wp-json\/wp\/v2\/posts"}],"about":[{"href":"https:\/\/beethoven.org.pl\/impresariat\/wp-json\/wp\/v2\/types\/post"}],"author":[{"embeddable":true,"href":"https:\/\/beethoven.org.pl\/impresariat\/wp-json\/wp\/v2\/users\/6"}],"replies":[{"embeddable":true,"href":"https:\/\/beethoven.org.pl\/impresariat\/wp-json\/wp\/v2\/comments?post=388"}],"version-history":[{"count":1,"href":"https:\/\/beethoven.org.pl\/impresariat\/wp-json\/wp\/v2\/posts\/388\/revisions"}],"predecessor-version":[{"id":390,"href":"https:\/\/beethoven.org.pl\/impresariat\/wp-json\/wp\/v2\/posts\/388\/revisions\/390"}],"wp:attachment":[{"href":"https:\/\/beethoven.org.pl\/impresariat\/wp-json\/wp\/v2\/media?parent=388"}],"wp:term":[{"taxonomy":"category","embeddable":true,"href":"https:\/\/beethoven.org.pl\/impresariat\/wp-json\/wp\/v2\/categories?post=388"},{"taxonomy":"post_tag","embeddable":true,"href":"https:\/\/beethoven.org.pl\/impresariat\/wp-json\/wp\/v2\/tags?post=388"}],"curies":[{"name":"wp","href":"https:\/\/api.w.org\/{rel}","templated":true}]}}