{"id":384,"date":"2017-04-06T17:29:54","date_gmt":"2017-04-06T15:29:54","guid":{"rendered":"http:\/\/beethoven.org.pl\/impresariat\/?p=384"},"modified":"2017-04-24T11:26:51","modified_gmt":"2017-04-24T09:26:51","slug":"lukasz-krupinski-zagra-w-teatro-miela","status":"publish","type":"post","link":"https:\/\/beethoven.org.pl\/impresariat\/2017\/04\/06\/lukasz-krupinski-zagra-w-teatro-miela\/","title":{"rendered":"\u0141ukasz Krupi\u0144ski zagra w Teatro Miela"},"content":{"rendered":"<p><img loading=\"lazy\" decoding=\"async\" class=\"size-medium wp-image-385 aligncenter\" src=\"http:\/\/beethoven.org.pl\/impresariat\/wp-content\/uploads\/sites\/6\/2017\/04\/Teatro-Miela-7-kwietnia-Lukasz-Krupinski-300x188.jpg\" alt=\"Teatro Miela 7 kwietnia Lukasz Krupinski\" width=\"300\" height=\"188\" srcset=\"https:\/\/beethoven.org.pl\/impresariat\/wp-content\/uploads\/sites\/6\/2017\/04\/Teatro-Miela-7-kwietnia-Lukasz-Krupinski-300x188.jpg 300w, https:\/\/beethoven.org.pl\/impresariat\/wp-content\/uploads\/sites\/6\/2017\/04\/Teatro-Miela-7-kwietnia-Lukasz-Krupinski-768x480.jpg 768w, https:\/\/beethoven.org.pl\/impresariat\/wp-content\/uploads\/sites\/6\/2017\/04\/Teatro-Miela-7-kwietnia-Lukasz-Krupinski.jpg 960w\" sizes=\"auto, (max-width: 300px) 100vw, 300px\" \/><\/p>\n<p>7 kwietnia pianista \u0141ukasz Krupi\u0144ski zagra w Teatro Miela podczas inauguracji 10. edycji Mi\u0119dzynarodowego Festiwalu Pianistycznego w Tre\u015bcie w p\u00f3\u0142nocnych W\u0142oszech. W programie Bach, Mozart, Schumann i Ravel.<\/p>\n<p>Wi\u0119cej informacji na stronie <a href=\"http:\/\/www.miela.it\/default.asp?pag=evento&amp;id=5319\">Festiwalu<\/a><\/p>","protected":false},"excerpt":{"rendered":"<p>7 kwietnia pianista \u0141ukasz Krupi\u0144ski zagra w Teatro Miela podczas inauguracji 10. edycji Mi\u0119dzynarodowego Festiwalu Pianistycznego w Tre\u015bcie w p\u00f3\u0142nocnych W\u0142oszech. W programie Bach, Mozart, Schumann i Ravel. Wi\u0119cej informacji na stronie Festiwalu<\/p>\n","protected":false},"author":6,"featured_media":0,"comment_status":"open","ping_status":"open","sticky":false,"template":"","format":"standard","meta":{"footnotes":""},"categories":[1],"tags":[],"class_list":["post-384","post","type-post","status-publish","format-standard","hentry","category-bez-kategorii"],"_links":{"self":[{"href":"https:\/\/beethoven.org.pl\/impresariat\/wp-json\/wp\/v2\/posts\/384","targetHints":{"allow":["GET"]}}],"collection":[{"href":"https:\/\/beethoven.org.pl\/impresariat\/wp-json\/wp\/v2\/posts"}],"about":[{"href":"https:\/\/beethoven.org.pl\/impresariat\/wp-json\/wp\/v2\/types\/post"}],"author":[{"embeddable":true,"href":"https:\/\/beethoven.org.pl\/impresariat\/wp-json\/wp\/v2\/users\/6"}],"replies":[{"embeddable":true,"href":"https:\/\/beethoven.org.pl\/impresariat\/wp-json\/wp\/v2\/comments?post=384"}],"version-history":[{"count":1,"href":"https:\/\/beethoven.org.pl\/impresariat\/wp-json\/wp\/v2\/posts\/384\/revisions"}],"predecessor-version":[{"id":387,"href":"https:\/\/beethoven.org.pl\/impresariat\/wp-json\/wp\/v2\/posts\/384\/revisions\/387"}],"wp:attachment":[{"href":"https:\/\/beethoven.org.pl\/impresariat\/wp-json\/wp\/v2\/media?parent=384"}],"wp:term":[{"taxonomy":"category","embeddable":true,"href":"https:\/\/beethoven.org.pl\/impresariat\/wp-json\/wp\/v2\/categories?post=384"},{"taxonomy":"post_tag","embeddable":true,"href":"https:\/\/beethoven.org.pl\/impresariat\/wp-json\/wp\/v2\/tags?post=384"}],"curies":[{"name":"wp","href":"https:\/\/api.w.org\/{rel}","templated":true}]}}