{"id":369,"date":"2017-02-10T15:25:55","date_gmt":"2017-02-10T14:25:55","guid":{"rendered":"http:\/\/beethoven.org.pl\/impresariat\/?p=369"},"modified":"2017-02-10T15:26:33","modified_gmt":"2017-02-10T14:26:33","slug":"szymon-nehring-i-maria-machowska-w-warszawie","status":"publish","type":"post","link":"https:\/\/beethoven.org.pl\/impresariat\/2017\/02\/10\/szymon-nehring-i-maria-machowska-w-warszawie\/","title":{"rendered":"Szymon Nehring i Maria Machowska w Warszawie"},"content":{"rendered":"<p><img loading=\"lazy\" decoding=\"async\" class=\"size-medium wp-image-370\" src=\"http:\/\/beethoven.org.pl\/impresariat\/wp-content\/uploads\/sites\/6\/2017\/02\/kola\u017c1-300x209.jpg\" alt=\"26.03.2015 - SZYMON NEHRING - ZDJ\u0118CIA NA ZLECENIE STOWARZYSZENIA IM. LUDWIGA VAN BEETHOVENA FOT. BRUNO FIDRYCH +48 600 83 82 82\" width=\"300\" height=\"209\" srcset=\"https:\/\/beethoven.org.pl\/impresariat\/wp-content\/uploads\/sites\/6\/2017\/02\/kola\u017c1-300x209.jpg 300w, https:\/\/beethoven.org.pl\/impresariat\/wp-content\/uploads\/sites\/6\/2017\/02\/kola\u017c1-768x535.jpg 768w, https:\/\/beethoven.org.pl\/impresariat\/wp-content\/uploads\/sites\/6\/2017\/02\/kola\u017c1-1024x713.jpg 1024w\" sizes=\"auto, (max-width: 300px) 100vw, 300px\" \/><\/p>\n<p>Ju\u017c dzi\u015b i jutro (10 i 11 luty) na scenie Filharmonii Narodowej b\u0119dzie mo\u017cna us\u0142ysze\u0107 wyj\u0105tkowych solist\u00f3w \u2013 Mari\u0119 Machowsk\u0105 i Szymona Nehringa wsp\u00f3\u0142pracuj\u0105cych ze Stowarzyszeniem im. Ludwiga van Beethovena oraz Marcina Zdunika (artysta rezydent Filharmonii Narodowej w tym sezonie artystycznym). Razem z Orkiestr\u0105 Filharmonii Narodowej wykonaj\u0105 Koncert potr\u00f3jny C-dur op. 56 Ludwiga van Beethovena. W drugiej cz\u0119\u015bci publiczno\u015b\u0107 us\u0142yszy <em>Songs of Farewell<\/em>\u00a0na ch\u00f3r i orkiestr\u0119 \u00a0Fredericka Deliusa\u00a0 i <em>Credo\u00a0<\/em>na ch\u00f3r, fortepian i orkiestr\u0119 Arvo P\u00e4rta z udzia\u0142em Ch\u00f3ru Filharmonii Narodowej. Ca\u0142o\u015b\u0107 poprowadzi dyrygenta Ewa Strusi\u0144ska. Wi\u0119cej informacji i bilety: <a href=\"http:\/\/filharmonia.pl\/koncerty-i-bilety\/repertuar\/koncert-symfoniczny94\">http:\/\/filharmonia.pl\/koncerty-i-bilety\/repertuar\/koncert-symfoniczny94<\/a><\/p>\n<p>&nbsp;<\/p>\n<p>Zapraszamy.<\/p>","protected":false},"excerpt":{"rendered":"<p>Ju\u017c dzi\u015b i jutro (10 i 11 luty) na scenie Filharmonii Narodowej b\u0119dzie mo\u017cna us\u0142ysze\u0107 wyj\u0105tkowych solist\u00f3w \u2013 Mari\u0119 Machowsk\u0105 i Szymona Nehringa wsp\u00f3\u0142pracuj\u0105cych ze Stowarzyszeniem im. Ludwiga van Beethovena oraz Marcina Zdunika (artysta rezydent Filharmonii Narodowej w tym sezonie artystycznym). Razem z Orkiestr\u0105 Filharmonii Narodowej wykonaj\u0105 Koncert potr\u00f3jny C-dur op. 56 Ludwiga van Beethovena. [&hellip;]<\/p>\n","protected":false},"author":2,"featured_media":0,"comment_status":"open","ping_status":"open","sticky":false,"template":"","format":"standard","meta":{"footnotes":""},"categories":[1],"tags":[],"class_list":["post-369","post","type-post","status-publish","format-standard","hentry","category-bez-kategorii"],"_links":{"self":[{"href":"https:\/\/beethoven.org.pl\/impresariat\/wp-json\/wp\/v2\/posts\/369","targetHints":{"allow":["GET"]}}],"collection":[{"href":"https:\/\/beethoven.org.pl\/impresariat\/wp-json\/wp\/v2\/posts"}],"about":[{"href":"https:\/\/beethoven.org.pl\/impresariat\/wp-json\/wp\/v2\/types\/post"}],"author":[{"embeddable":true,"href":"https:\/\/beethoven.org.pl\/impresariat\/wp-json\/wp\/v2\/users\/2"}],"replies":[{"embeddable":true,"href":"https:\/\/beethoven.org.pl\/impresariat\/wp-json\/wp\/v2\/comments?post=369"}],"version-history":[{"count":1,"href":"https:\/\/beethoven.org.pl\/impresariat\/wp-json\/wp\/v2\/posts\/369\/revisions"}],"predecessor-version":[{"id":371,"href":"https:\/\/beethoven.org.pl\/impresariat\/wp-json\/wp\/v2\/posts\/369\/revisions\/371"}],"wp:attachment":[{"href":"https:\/\/beethoven.org.pl\/impresariat\/wp-json\/wp\/v2\/media?parent=369"}],"wp:term":[{"taxonomy":"category","embeddable":true,"href":"https:\/\/beethoven.org.pl\/impresariat\/wp-json\/wp\/v2\/categories?post=369"},{"taxonomy":"post_tag","embeddable":true,"href":"https:\/\/beethoven.org.pl\/impresariat\/wp-json\/wp\/v2\/tags?post=369"}],"curies":[{"name":"wp","href":"https:\/\/api.w.org\/{rel}","templated":true}]}}