{"id":362,"date":"2017-02-03T15:31:49","date_gmt":"2017-02-03T14:31:49","guid":{"rendered":"http:\/\/beethoven.org.pl\/impresariat\/?p=362"},"modified":"2017-02-03T15:32:20","modified_gmt":"2017-02-03T14:32:20","slug":"krzysztof-ksiazek-w-lodzi-i-bydgoszczy","status":"publish","type":"post","link":"https:\/\/beethoven.org.pl\/impresariat\/2017\/02\/03\/krzysztof-ksiazek-w-lodzi-i-bydgoszczy\/","title":{"rendered":"Krzysztof Ksi\u0105\u017cek w \u0141odzi i Bydgoszczy"},"content":{"rendered":"<p>Ju\u017c dzi\u015b \u00a0(3 lutego) o godz. 19.00 w Filharmonii \u0141\u00f3dzkiej \u00a0wyst\u0105pi Krzysztof Ksi\u0105\u017cek wraz z \u00a0Orkiestr\u0105 Symfoniczn\u0105 Filharmonii \u0141\u00f3dzkiej im. Artura Rubinsteina pod dyrekcj\u0105 Paw\u0142a Przytockiego. Pianista wykona Koncert fortepianowy e-moll op. 11 Fryderyka Chopina. \u00a0W programie koncertu znajd\u0105 si\u0119 jeszcze utwory Moniuszki i Rachmaninowa.<\/p>\n<p><a href=\"http:\/\/filharmonia.lodz.pl\/pl\/wydarzenia\/koncert-symfoniczny-123\">http:\/\/filharmonia.lodz.pl\/pl\/wydarzenia\/koncert-symfoniczny-123<\/a><\/p>\n<p>Koncert zostanie powt\u00f3rzony w Filharmonii Pomorskiej w czwartek 9 lutego.<\/p>\n<p><a href=\"http:\/\/www.filharmonia.bydgoszcz.pl\/blog\/wydarzenia\/goscie-w-filharmonii\/\">http:\/\/www.filharmonia.bydgoszcz.pl\/blog\/wydarzenia\/goscie-w-filharmonii\/<\/a><\/p>","protected":false},"excerpt":{"rendered":"<p>Ju\u017c dzi\u015b \u00a0(3 lutego) o godz. 19.00 w Filharmonii \u0141\u00f3dzkiej \u00a0wyst\u0105pi Krzysztof Ksi\u0105\u017cek wraz z \u00a0Orkiestr\u0105 Symfoniczn\u0105 Filharmonii \u0141\u00f3dzkiej im. Artura Rubinsteina pod dyrekcj\u0105 Paw\u0142a Przytockiego. Pianista wykona Koncert fortepianowy e-moll op. 11 Fryderyka Chopina. \u00a0W programie koncertu znajd\u0105 si\u0119 jeszcze utwory Moniuszki i Rachmaninowa. http:\/\/filharmonia.lodz.pl\/pl\/wydarzenia\/koncert-symfoniczny-123 Koncert zostanie powt\u00f3rzony w Filharmonii Pomorskiej w czwartek 9 [&hellip;]<\/p>\n","protected":false},"author":2,"featured_media":0,"comment_status":"open","ping_status":"open","sticky":false,"template":"","format":"standard","meta":{"footnotes":""},"categories":[1],"tags":[],"class_list":["post-362","post","type-post","status-publish","format-standard","hentry","category-bez-kategorii"],"_links":{"self":[{"href":"https:\/\/beethoven.org.pl\/impresariat\/wp-json\/wp\/v2\/posts\/362","targetHints":{"allow":["GET"]}}],"collection":[{"href":"https:\/\/beethoven.org.pl\/impresariat\/wp-json\/wp\/v2\/posts"}],"about":[{"href":"https:\/\/beethoven.org.pl\/impresariat\/wp-json\/wp\/v2\/types\/post"}],"author":[{"embeddable":true,"href":"https:\/\/beethoven.org.pl\/impresariat\/wp-json\/wp\/v2\/users\/2"}],"replies":[{"embeddable":true,"href":"https:\/\/beethoven.org.pl\/impresariat\/wp-json\/wp\/v2\/comments?post=362"}],"version-history":[{"count":1,"href":"https:\/\/beethoven.org.pl\/impresariat\/wp-json\/wp\/v2\/posts\/362\/revisions"}],"predecessor-version":[{"id":363,"href":"https:\/\/beethoven.org.pl\/impresariat\/wp-json\/wp\/v2\/posts\/362\/revisions\/363"}],"wp:attachment":[{"href":"https:\/\/beethoven.org.pl\/impresariat\/wp-json\/wp\/v2\/media?parent=362"}],"wp:term":[{"taxonomy":"category","embeddable":true,"href":"https:\/\/beethoven.org.pl\/impresariat\/wp-json\/wp\/v2\/categories?post=362"},{"taxonomy":"post_tag","embeddable":true,"href":"https:\/\/beethoven.org.pl\/impresariat\/wp-json\/wp\/v2\/tags?post=362"}],"curies":[{"name":"wp","href":"https:\/\/api.w.org\/{rel}","templated":true}]}}